{"id":3669,"date":"2017-04-21T18:34:11","date_gmt":"2017-04-21T23:34:11","guid":{"rendered":"http:\/\/www.inter-accion.com.mx\/?p=3669"},"modified":"2017-04-21T18:34:11","modified_gmt":"2017-04-21T23:34:11","slug":"el-gobernador-no-tiene-el-caracter-para-afrontar-la-situacion-real-que-se-vive-en-guerrero-silvano-blanco","status":"publish","type":"post","link":"https:\/\/www.interaccionnoticias.com.mx\/?p=3669","title":{"rendered":"El gobernador no tiene el car\u00e1cter para afrontar la situaci\u00f3n real que se vive en Guerrero: Silvano Blanco"},"content":{"rendered":"<p><span style=\"font-weight: 400;\">En tribuna el diputado local Silvano Blanco Deaquino fijo postura con referencia al exhorto hecho por la junta de coordinaci\u00f3n pol\u00edtica del Congreso del estado, en donde se condena el homicidio del Profesor Demetrio Sald\u00edvar G\u00f3mez, exhortando al fiscal del estado para que implemente los mecanismos consecuentes para esclarecer ese asesinato.<\/span><br \/>\n<span style=\"font-weight: 400;\">Blanco Deaquino dijo que la situaci\u00f3n que vive nuestro estado d\u00eda con d\u00eda se agrava y que a pesar de que el gobierno del estado intente se\u00f1alar que Guerrero va por buen camino los hechos dicen lo contrario.<\/span><br \/>\n<span style=\"font-weight: 400;\">\u201cLamentamos mucho la p\u00e9rdida del compa\u00f1ero Demetrio, un compa\u00f1ero muy responsable y comprometido por el estado de Guerrero, nos duele el asesinato, as\u00ed como nos duele los dem\u00e1s asesinatos que est\u00e1n pasando, los compa\u00f1eros que est\u00e1n secuestrados en este momento y es parte de lo mismo, esta vinculaci\u00f3n que hemos reiterado una y otra vez entre pol\u00edticos y delincuentes\u201d manifest\u00f3, Silvano Blanco.<\/span><br \/>\n<span style=\"font-weight: 400;\">El diputado de MC critico al gobernador por los hechos ocurridos y lamenta que no tenga el &nbsp;car\u00e1cter suficiente para afrontar la situaci\u00f3n real que vive Guerrero \u201cYo le suger\u00ed que hiciera un esfuerzo por actuar y que se quitara esos lastres que tiene, es decir estos personajes que controlan el estado de Guerrero que tienen v\u00ednculos directos con la delincuencia organizada, no ha podido y no le ha salido todav\u00eda el car\u00e1cter y es probable que no le salga, quiz\u00e1s en un tiempo no muy lejano sea el propio gobernador que deje la responsabilidad por la incapacidad demostrada en este periodo que lleva\u201d. <\/span><br \/>\n<span style=\"font-weight: 400;\">Nuevamente el diputado reitero desde tribuna que el Gobernador tiene que sacudirse esas presiones que trae \u201cyo dec\u00eda con mucha precisi\u00f3n cuando nombraron a Robespierr de que era un error parte de los diputados y diputadas que iban a votar a favor de Robespierr y ah\u00ed est\u00e1 demostrado, igual cuando nombraron al fiscal, dec\u00edamos que no iba a resolver la problem\u00e1tica del estado y que al contrario se iba agravar y as\u00ed fue\u201d.<\/span><br \/>\n<span style=\"font-weight: 400;\">Finalmente manifest\u00f3 lo que necesita Guerrero es un gobernante comprometido con los Guerrerenses \u201cVamos a votar a favor de este exhorto pero reitero el tema no es con el fiscal, es con el Gobernador del estado y de seguir as\u00ed creo que no va a durar mucho en esa posici\u00f3n\u201d. &nbsp;&nbsp;&nbsp;&nbsp;<\/span><br \/>\n&nbsp;<\/p>\n","protected":false},"excerpt":{"rendered":"<p>En tribuna el diputado local Silvano Blanco Deaquino fijo postura con referencia al exhorto hecho por la junta de coordinaci\u00f3n pol\u00edtica del Congreso del estado, en donde se condena el&hellip; <\/p>\n","protected":false},"author":1,"featured_media":0,"comment_status":"open","ping_status":"open","sticky":false,"template":"","format":"standard","meta":{"fifu_image_url":"","fifu_image_alt":"","footnotes":""},"categories":[2,8],"tags":[],"class_list":["post-3669","post","type-post","status-publish","format-standard","hentry","category-congreso","category-featured"],"_links":{"self":[{"href":"https:\/\/www.interaccionnoticias.com.mx\/index.php?rest_route=\/wp\/v2\/posts\/3669","targetHints":{"allow":["GET"]}}],"collection":[{"href":"https:\/\/www.interaccionnoticias.com.mx\/index.php?rest_route=\/wp\/v2\/posts"}],"about":[{"href":"https:\/\/www.interaccionnoticias.com.mx\/index.php?rest_route=\/wp\/v2\/types\/post"}],"author":[{"embeddable":true,"href":"https:\/\/www.interaccionnoticias.com.mx\/index.php?rest_route=\/wp\/v2\/users\/1"}],"replies":[{"embeddable":true,"href":"https:\/\/www.interaccionnoticias.com.mx\/index.php?rest_route=%2Fwp%2Fv2%2Fcomments&post=3669"}],"version-history":[{"count":0,"href":"https:\/\/www.interaccionnoticias.com.mx\/index.php?rest_route=\/wp\/v2\/posts\/3669\/revisions"}],"wp:attachment":[{"href":"https:\/\/www.interaccionnoticias.com.mx\/index.php?rest_route=%2Fwp%2Fv2%2Fmedia&parent=3669"}],"wp:term":[{"taxonomy":"category","embeddable":true,"href":"https:\/\/www.interaccionnoticias.com.mx\/index.php?rest_route=%2Fwp%2Fv2%2Fcategories&post=3669"},{"taxonomy":"post_tag","embeddable":true,"href":"https:\/\/www.interaccionnoticias.com.mx\/index.php?rest_route=%2Fwp%2Fv2%2Ftags&post=3669"}],"curies":[{"name":"wp","href":"https:\/\/api.w.org\/{rel}","templated":true}]}}