{"id":36679,"date":"2021-09-01T15:18:22","date_gmt":"2021-09-01T20:18:22","guid":{"rendered":"http:\/\/www.inter-accion.com.mx\/?p=36679"},"modified":"2021-09-01T15:18:22","modified_gmt":"2021-09-01T20:18:22","slug":"36679","status":"publish","type":"post","link":"https:\/\/www.interaccionnoticias.com.mx\/?p=36679","title":{"rendered":"Discapacitados marcharon para exigir apoyos con programas sociales del gobierno federal"},"content":{"rendered":"\n<p><strong>&#8211; Rosario Garc\u00eda Orozco<\/strong><\/p>\n\n\n\n<p><strong>Chilpancingo, Gro., 1 de septiembre del 2021.-<\/strong> Integrantes de grupos de personas con capacidades diferentes marcharon en Chilpancingo para demandar al gobierno federal el cumplimiento de acuerdos que tienen que ver con el apoyo de programas sociales y proyectos productivos.<\/p>\n\n\n\n<p>Unos 40 inconformes iniciaron la marcha sobre la Avenida L\u00e1zaro C\u00e1rdenas, a la altura del Monumento a las Banderas, encabezados por Silvestre Rodr\u00edguez Fern\u00e1ndez, dirigente y del Frente de Personas Vulnerables, quien indic\u00f3 que el gobierno federal solo otorga becas a personas menores de 29 a\u00f1os, \u201ccomo si la discapacidad terminara a esa edad y no hasta nuestra muerte\u201d.<\/p>\n\n\n\n<p>Por esa raz\u00f3n exigi\u00f3 que el programa de apoyo a este sector social se abra para todas las edades y que se pague de manera oportuna.<\/p>\n\n\n\n<p>Mencion\u00f3 que varios de los integrantes de esa organizaci\u00f3n, solo se ganan la vida vendiendo chiclets, peri\u00f3dico y otros productos, \u201calgunos sobreviven pidiendo una moneda o con la caridad de sus vecinos que los proveen de alimentos y ropa\u201d.<\/p>\n\n\n\n<p>La marcha parti\u00f3 del monumento a las Balderas y lleg\u00f3 hasta las oficinas de la delegaci\u00f3n estatal de la Secretar\u00eda del Bienestar para pedir una audiencia con el delegado Iv\u00e1n Hern\u00e1ndez D\u00edaz, y exigirle que cumpla con el compromiso que asumi\u00f3 de incorporar a algunas personas con discapacidad a programas sociales o incorporarlos a los proyectos productivos.<\/p>\n","protected":false},"excerpt":{"rendered":"<p>&#8211; Rosario Garc\u00eda Orozco Chilpancingo, Gro., 1 de septiembre del 2021.- Integrantes de grupos de personas con capacidades diferentes marcharon en Chilpancingo para demandar al gobierno federal el cumplimiento de&hellip; <\/p>\n","protected":false},"author":1,"featured_media":36680,"comment_status":"open","ping_status":"open","sticky":false,"template":"","format":"standard","meta":{"fifu_image_url":"","fifu_image_alt":"","footnotes":""},"categories":[15],"tags":[],"class_list":["post-36679","post","type-post","status-publish","format-standard","has-post-thumbnail","hentry","category-movimientos-sociales"],"_links":{"self":[{"href":"https:\/\/www.interaccionnoticias.com.mx\/index.php?rest_route=\/wp\/v2\/posts\/36679","targetHints":{"allow":["GET"]}}],"collection":[{"href":"https:\/\/www.interaccionnoticias.com.mx\/index.php?rest_route=\/wp\/v2\/posts"}],"about":[{"href":"https:\/\/www.interaccionnoticias.com.mx\/index.php?rest_route=\/wp\/v2\/types\/post"}],"author":[{"embeddable":true,"href":"https:\/\/www.interaccionnoticias.com.mx\/index.php?rest_route=\/wp\/v2\/users\/1"}],"replies":[{"embeddable":true,"href":"https:\/\/www.interaccionnoticias.com.mx\/index.php?rest_route=%2Fwp%2Fv2%2Fcomments&post=36679"}],"version-history":[{"count":0,"href":"https:\/\/www.interaccionnoticias.com.mx\/index.php?rest_route=\/wp\/v2\/posts\/36679\/revisions"}],"wp:featuredmedia":[{"embeddable":true,"href":"https:\/\/www.interaccionnoticias.com.mx\/index.php?rest_route=\/wp\/v2\/media\/36680"}],"wp:attachment":[{"href":"https:\/\/www.interaccionnoticias.com.mx\/index.php?rest_route=%2Fwp%2Fv2%2Fmedia&parent=36679"}],"wp:term":[{"taxonomy":"category","embeddable":true,"href":"https:\/\/www.interaccionnoticias.com.mx\/index.php?rest_route=%2Fwp%2Fv2%2Fcategories&post=36679"},{"taxonomy":"post_tag","embeddable":true,"href":"https:\/\/www.interaccionnoticias.com.mx\/index.php?rest_route=%2Fwp%2Fv2%2Ftags&post=36679"}],"curies":[{"name":"wp","href":"https:\/\/api.w.org\/{rel}","templated":true}]}}