{"id":36674,"date":"2021-09-01T15:12:20","date_gmt":"2021-09-01T20:12:20","guid":{"rendered":"http:\/\/www.inter-accion.com.mx\/?p=36674"},"modified":"2021-09-01T15:12:20","modified_gmt":"2021-09-01T20:12:20","slug":"36674","status":"publish","type":"post","link":"https:\/\/www.interaccionnoticias.com.mx\/?p=36674","title":{"rendered":"Se insta la 63 Legislatura local"},"content":{"rendered":"\n<p><strong><em>&#8211; Morena es la bancada m\u00e1s numerosa<\/em><\/strong><\/p>\n\n\n\n<p><strong>Rogelio Agust\u00edn<\/strong><\/p>\n\n\n\n<p>Este mi\u00e9rcoles se instal\u00f3 la 63 Legislatura local, que estar\u00e1 en funciones hasta el 1 de septiembre de 2024.<\/p>\n\n\n\n<p>La sesi\u00f3n solemne se realiz\u00f3 en la explanada Benito Juarez, ubicada en la entrada posterior, con la presencia de 43 de sus 46 integrantes.<\/p>\n\n\n\n<p>Dos de los nuevos diputados, Ricardo Astudillo Calvo y Rafael Navarrete Quezada justificaron su ausencia argumentando motivos de salud.<\/p>\n\n\n\n<p>A la ceremonia acudi\u00f3 el gobernador H\u00e9ctor Astudillo Flores y la gobernadora electa, Evelyn Salgado Pineda, quien estuvo acompa\u00f1ada de su pap\u00e1, el senador F\u00e9lix Salgado Macedonio.<\/p>\n\n\n\n<p>Tambi\u00e9n acudi\u00f3 el presidente del Tribunal Superior de Justicia (TSJ), Alberto Neri Celis, el evento se desarroll\u00f3 sin presencia de medios de comunicaci\u00f3n, por las restricciones que impone la pandemia del Covid-19.<\/p>\n\n\n\n<p>En la 63 Legislatura local, el PRD tiene como coordinador al ex diputado federal Raymundo Garc\u00eda Guti\u00e9rre, en tanto que el PRI al ex titular de Finanzas en la administraci\u00f3n estatal saliente, H\u00e9ctor Apreza Patr\u00f3n.<\/p>\n\n\n\n<p>En el caso de Morena, que es la bancada m\u00e1s numerosa en la naciente Legislatura, se anota que hasta la tarde de este mi\u00e9rcoles 1 de septiembre todav\u00eda no define a su coordinador.<\/p>\n","protected":false},"excerpt":{"rendered":"<p>&#8211; Morena es la bancada m\u00e1s numerosa Rogelio Agust\u00edn Este mi\u00e9rcoles se instal\u00f3 la 63 Legislatura local, que estar\u00e1 en funciones hasta el 1 de septiembre de 2024. La sesi\u00f3n&hellip; <\/p>\n","protected":false},"author":1,"featured_media":36675,"comment_status":"open","ping_status":"open","sticky":false,"template":"","format":"standard","meta":{"fifu_image_url":"","fifu_image_alt":"","footnotes":""},"categories":[2],"tags":[],"class_list":["post-36674","post","type-post","status-publish","format-standard","has-post-thumbnail","hentry","category-congreso"],"_links":{"self":[{"href":"https:\/\/www.interaccionnoticias.com.mx\/index.php?rest_route=\/wp\/v2\/posts\/36674","targetHints":{"allow":["GET"]}}],"collection":[{"href":"https:\/\/www.interaccionnoticias.com.mx\/index.php?rest_route=\/wp\/v2\/posts"}],"about":[{"href":"https:\/\/www.interaccionnoticias.com.mx\/index.php?rest_route=\/wp\/v2\/types\/post"}],"author":[{"embeddable":true,"href":"https:\/\/www.interaccionnoticias.com.mx\/index.php?rest_route=\/wp\/v2\/users\/1"}],"replies":[{"embeddable":true,"href":"https:\/\/www.interaccionnoticias.com.mx\/index.php?rest_route=%2Fwp%2Fv2%2Fcomments&post=36674"}],"version-history":[{"count":0,"href":"https:\/\/www.interaccionnoticias.com.mx\/index.php?rest_route=\/wp\/v2\/posts\/36674\/revisions"}],"wp:featuredmedia":[{"embeddable":true,"href":"https:\/\/www.interaccionnoticias.com.mx\/index.php?rest_route=\/wp\/v2\/media\/36675"}],"wp:attachment":[{"href":"https:\/\/www.interaccionnoticias.com.mx\/index.php?rest_route=%2Fwp%2Fv2%2Fmedia&parent=36674"}],"wp:term":[{"taxonomy":"category","embeddable":true,"href":"https:\/\/www.interaccionnoticias.com.mx\/index.php?rest_route=%2Fwp%2Fv2%2Fcategories&post=36674"},{"taxonomy":"post_tag","embeddable":true,"href":"https:\/\/www.interaccionnoticias.com.mx\/index.php?rest_route=%2Fwp%2Fv2%2Ftags&post=36674"}],"curies":[{"name":"wp","href":"https:\/\/api.w.org\/{rel}","templated":true}]}}