{"id":36670,"date":"2021-09-01T13:20:59","date_gmt":"2021-09-01T18:20:59","guid":{"rendered":"http:\/\/www.inter-accion.com.mx\/?p=36670"},"modified":"2021-09-01T13:20:59","modified_gmt":"2021-09-01T18:20:59","slug":"36670","status":"publish","type":"post","link":"https:\/\/www.interaccionnoticias.com.mx\/?p=36670","title":{"rendered":"Exigen maestros cetegistas se eche abajo el nuevo sistema de pensiones"},"content":{"rendered":"\n<p><strong>Rosario Garc\u00eda Orozco<\/strong><\/p>\n\n\n\n<p><strong>Chilpancingo, Gro., 1 de septiembre del 2021.-<\/strong> Maestros de la Coordinadora Estatal de Trabajadores de la educaci\u00f3n Guerrero (CETEG) se manifestaron en Chilpancingo para exigir un trato digno a los maestros pensionados, quienes se han visto afectados por el nuevo sistema de pensiones del gobierno federal.<\/p>\n\n\n\n<p>Los cetegistas, quienes realizaron un mitin en el Antimonumento a los 43, sobre la avenida L\u00e1zaro C\u00e1rdenas de la capital, se dijeron a favor de la recuperaci\u00f3n del car\u00e1cter solidario intergeneracional y colectivo de las pensiones y jubilaciones sin afores.<\/p>\n\n\n\n<p>Mencionaron que la movilizaci\u00f3n es en el marco del tercer informe de Andr\u00e9s Manuel L\u00f3pez Obrador, y que se lleva a cabo en todo el pa\u00eds, como reclamo porque en esta administraci\u00f3n no ha habido avances en la concreci\u00f3n de acciones a favor de los maestros.<\/p>\n\n\n\n<p>Los maestros disidentes hicieron \u00e9nfasis en su defensa del derecho social de los trabajadores de la educaci\u00f3n, e insistieron en el reclamo \u201cporque el gobierno de Andr\u00e9s Manuel L\u00f3pez Obrador no ha quitado ni una coma a la reforma educativa que afecta a los trabajadores del sector educativo\u201d.<\/p>\n\n\n\n<p>Por ello pidieron que se quite la Unidad de Medida Actualizada, porque afecta a los pensionados principalmente, tambi\u00e9n exigieron pensiones dignas y salarios acorde a las necesidades del sector.<\/p>\n\n\n\n<p>Adric Ocampo, integrante de la dirigencia estatal de la Ceteg, record\u00f3 a los diputados, que este mi\u00e9rcoles tomaron protesta como integrantes de la 63 legislatura local, que es su deber legislar en beneficio de la clase trabajadora.<\/p>\n\n\n\n<p>Los maestros cetegistas advirtieron al presidente que esa organizaci\u00f3n \u201cno se doblegar\u00e1 ante los infundios que han levantado contra dirigentes estatales del magisterio disidente, como fue el caso del l\u00edder en Chiapas, acusado de vender plazas y cometer actos de corrupci\u00f3n\u201d.<\/p>\n","protected":false},"excerpt":{"rendered":"<p>Rosario Garc\u00eda Orozco Chilpancingo, Gro., 1 de septiembre del 2021.- Maestros de la Coordinadora Estatal de Trabajadores de la educaci\u00f3n Guerrero (CETEG) se manifestaron en Chilpancingo para exigir un trato&hellip; <\/p>\n","protected":false},"author":1,"featured_media":36671,"comment_status":"open","ping_status":"open","sticky":false,"template":"","format":"standard","meta":{"fifu_image_url":"","fifu_image_alt":"","footnotes":""},"categories":[15],"tags":[],"class_list":["post-36670","post","type-post","status-publish","format-standard","has-post-thumbnail","hentry","category-movimientos-sociales"],"_links":{"self":[{"href":"https:\/\/www.interaccionnoticias.com.mx\/index.php?rest_route=\/wp\/v2\/posts\/36670","targetHints":{"allow":["GET"]}}],"collection":[{"href":"https:\/\/www.interaccionnoticias.com.mx\/index.php?rest_route=\/wp\/v2\/posts"}],"about":[{"href":"https:\/\/www.interaccionnoticias.com.mx\/index.php?rest_route=\/wp\/v2\/types\/post"}],"author":[{"embeddable":true,"href":"https:\/\/www.interaccionnoticias.com.mx\/index.php?rest_route=\/wp\/v2\/users\/1"}],"replies":[{"embeddable":true,"href":"https:\/\/www.interaccionnoticias.com.mx\/index.php?rest_route=%2Fwp%2Fv2%2Fcomments&post=36670"}],"version-history":[{"count":0,"href":"https:\/\/www.interaccionnoticias.com.mx\/index.php?rest_route=\/wp\/v2\/posts\/36670\/revisions"}],"wp:featuredmedia":[{"embeddable":true,"href":"https:\/\/www.interaccionnoticias.com.mx\/index.php?rest_route=\/wp\/v2\/media\/36671"}],"wp:attachment":[{"href":"https:\/\/www.interaccionnoticias.com.mx\/index.php?rest_route=%2Fwp%2Fv2%2Fmedia&parent=36670"}],"wp:term":[{"taxonomy":"category","embeddable":true,"href":"https:\/\/www.interaccionnoticias.com.mx\/index.php?rest_route=%2Fwp%2Fv2%2Fcategories&post=36670"},{"taxonomy":"post_tag","embeddable":true,"href":"https:\/\/www.interaccionnoticias.com.mx\/index.php?rest_route=%2Fwp%2Fv2%2Ftags&post=36670"}],"curies":[{"name":"wp","href":"https:\/\/api.w.org\/{rel}","templated":true}]}}