{"id":36665,"date":"2021-09-01T12:21:51","date_gmt":"2021-09-01T17:21:51","guid":{"rendered":"http:\/\/www.inter-accion.com.mx\/?p=36665"},"modified":"2021-09-01T12:21:51","modified_gmt":"2021-09-01T17:21:51","slug":"36665","status":"publish","type":"post","link":"https:\/\/www.interaccionnoticias.com.mx\/?p=36665","title":{"rendered":"En taxi, se retira gobernadora electa de sesi\u00f3n solemne del Congreso Local"},"content":{"rendered":"\n<p><strong>Jes\u00fas Dorantes<\/strong><\/p>\n\n\n\n<p><strong><em>Chilpancingo, Gro.-<\/em><\/strong> La gobernadora electa de Guerrero, Evelyn Salgado Pineda se retir\u00f3 de la sesi\u00f3n solemne de instalaci\u00f3n de la LXIII Legislatura en un taxi del servicio p\u00fablico, en compa\u00f1\u00eda de su padre, el senador F\u00e9lix Salgado Macedonio.<\/p>\n\n\n\n<p>La maniobra se interpret\u00f3 como una acci\u00f3n para evitar las protestas que se manten\u00edan en la puerta del estacionamiento del Congreso.<\/p>\n\n\n\n<p>En entrevista previa a su salida, la gobernadora calific\u00f3 como acertada la proporci\u00f3n de paridad que existe en la nueva legislatura de 50% mujeres y 50% hombres, por lo que buscar\u00e1 tejer alianzas con las diputadas fuera de los partidos pol\u00edticos pol\u00edticos representen.<\/p>\n\n\n\n<p>Destacando que hasta el momento se ha tenido una buena relaci\u00f3n con los representantes de los partidos de oposici\u00f3n a MORENA, reiterando que desde el d\u00eda uno de su gobierno todos los actores pol\u00edticos deben quitarse la camiseta de partidos en los que militan y actuar por el bienestar del estado.<\/p>\n\n\n\n<p>Al ser cuestionada sobre el nombramiento de la Auditoria Superior del Estado, que no se realiz\u00f3 por la legislatura 62, el personal de la gobernadora electa suspendi\u00f3 la entrevista.<\/p>\n","protected":false},"excerpt":{"rendered":"<p>Jes\u00fas Dorantes Chilpancingo, Gro.- La gobernadora electa de Guerrero, Evelyn Salgado Pineda se retir\u00f3 de la sesi\u00f3n solemne de instalaci\u00f3n de la LXIII Legislatura en un taxi del servicio p\u00fablico,&hellip; <\/p>\n","protected":false},"author":1,"featured_media":36666,"comment_status":"open","ping_status":"open","sticky":false,"template":"","format":"standard","meta":{"fifu_image_url":"","fifu_image_alt":"","footnotes":""},"categories":[11],"tags":[],"class_list":["post-36665","post","type-post","status-publish","format-standard","has-post-thumbnail","hentry","category-guerrero"],"_links":{"self":[{"href":"https:\/\/www.interaccionnoticias.com.mx\/index.php?rest_route=\/wp\/v2\/posts\/36665","targetHints":{"allow":["GET"]}}],"collection":[{"href":"https:\/\/www.interaccionnoticias.com.mx\/index.php?rest_route=\/wp\/v2\/posts"}],"about":[{"href":"https:\/\/www.interaccionnoticias.com.mx\/index.php?rest_route=\/wp\/v2\/types\/post"}],"author":[{"embeddable":true,"href":"https:\/\/www.interaccionnoticias.com.mx\/index.php?rest_route=\/wp\/v2\/users\/1"}],"replies":[{"embeddable":true,"href":"https:\/\/www.interaccionnoticias.com.mx\/index.php?rest_route=%2Fwp%2Fv2%2Fcomments&post=36665"}],"version-history":[{"count":0,"href":"https:\/\/www.interaccionnoticias.com.mx\/index.php?rest_route=\/wp\/v2\/posts\/36665\/revisions"}],"wp:featuredmedia":[{"embeddable":true,"href":"https:\/\/www.interaccionnoticias.com.mx\/index.php?rest_route=\/wp\/v2\/media\/36666"}],"wp:attachment":[{"href":"https:\/\/www.interaccionnoticias.com.mx\/index.php?rest_route=%2Fwp%2Fv2%2Fmedia&parent=36665"}],"wp:term":[{"taxonomy":"category","embeddable":true,"href":"https:\/\/www.interaccionnoticias.com.mx\/index.php?rest_route=%2Fwp%2Fv2%2Fcategories&post=36665"},{"taxonomy":"post_tag","embeddable":true,"href":"https:\/\/www.interaccionnoticias.com.mx\/index.php?rest_route=%2Fwp%2Fv2%2Ftags&post=36665"}],"curies":[{"name":"wp","href":"https:\/\/api.w.org\/{rel}","templated":true}]}}