{"id":36644,"date":"2021-08-31T18:10:11","date_gmt":"2021-08-31T23:10:11","guid":{"rendered":"http:\/\/www.inter-accion.com.mx\/?p=36644"},"modified":"2021-08-31T18:10:11","modified_gmt":"2021-08-31T23:10:11","slug":"36644","status":"publish","type":"post","link":"https:\/\/www.interaccionnoticias.com.mx\/?p=36644","title":{"rendered":"No llegan en Acapulco a la segunda dosis de Sinovac m\u00e1s de 16 mil 600 personas"},"content":{"rendered":"\n<p><em><strong>&#8211; En el rango de 30 a 39 a\u00f1os, el delegado federal, Iv\u00e1n Hern\u00e1ndez les se\u00f1ala que tienen hasta el viernes de esta semana<\/strong><\/em><\/p>\n\n\n\n<p><strong>Rogelio Agust\u00edn<\/strong><\/p>\n\n\n\n<p>El delegado del Gobierno de la Rep\u00fablica en Guerrero, Iv\u00e1n Hern\u00e1ndez D\u00edaz lament\u00f3 que 16 mil personas que deb\u00edan recibir la segunda dosis de la vacuna de Sinovac, en el rango de 30 a 39 a\u00f1os de edad no llegaran en los puntos de instalados en el puerto de Acapulco.<\/p>\n\n\n\n<p>La ma\u00f1ana del martes 31 de agosto, Hern\u00e1ndez D\u00edaz manifest\u00f3 que esta semana se est\u00e1 aplicando la segunda dosis de la vacuna Sinovac en el puerto de Acapulco, teniendo como meta la cobertura total de las personas que ya recibieron la primera dosis.<\/p>\n\n\n\n<p>Explic\u00f3 que fueron 68 mil 776, todas ellas debieron llegar a la segunda dosis, pero hasta este martes 31 solamente hab\u00eda llegado el 76 porciento de ese numero de personas, que son 52 mil 111.<\/p>\n\n\n\n<p>En consecuencia, hizo un llamado para que las 16 mil 665 personas del rango de 30 a 39 a\u00f1os que todav\u00eda faltan, acudan durante lo que resta de la semana a recibir su segunda dosis de Sinovac en el puerto de Acapulco.<\/p>\n\n\n\n<p>Hern\u00e1ndez D\u00edaz refiri\u00f3 que se trabaja en la vacunaci\u00f3n en 12 municipios que corresponden a la zona Norte del estado, donde la jornada del lunes 30 se aplic\u00f3 la primera dosis a j\u00f3venes de 18 a 29 a\u00f1os de edad, con apellidos que inician con las letras p, q, r, s, t y u.<\/p>\n\n\n\n<p>El martes 31 toc\u00f3 el turno a las letras v, w, x, y ypara llegar hasta la z.<\/p>\n\n\n\n<p>De esa manera, dijo que estar\u00eda concluyendo la primera dosis en todos los rangos mayores de 18 a\u00f1os en el estado de Guerrero.<\/p>\n","protected":false},"excerpt":{"rendered":"<p>&#8211; En el rango de 30 a 39 a\u00f1os, el delegado federal, Iv\u00e1n Hern\u00e1ndez les se\u00f1ala que tienen hasta el viernes de esta semana Rogelio Agust\u00edn El delegado del Gobierno&hellip; <\/p>\n","protected":false},"author":1,"featured_media":36640,"comment_status":"open","ping_status":"open","sticky":false,"template":"","format":"standard","meta":{"fifu_image_url":"","fifu_image_alt":"","footnotes":""},"categories":[3],"tags":[],"class_list":["post-36644","post","type-post","status-publish","format-standard","has-post-thumbnail","hentry","category-covid-19"],"_links":{"self":[{"href":"https:\/\/www.interaccionnoticias.com.mx\/index.php?rest_route=\/wp\/v2\/posts\/36644","targetHints":{"allow":["GET"]}}],"collection":[{"href":"https:\/\/www.interaccionnoticias.com.mx\/index.php?rest_route=\/wp\/v2\/posts"}],"about":[{"href":"https:\/\/www.interaccionnoticias.com.mx\/index.php?rest_route=\/wp\/v2\/types\/post"}],"author":[{"embeddable":true,"href":"https:\/\/www.interaccionnoticias.com.mx\/index.php?rest_route=\/wp\/v2\/users\/1"}],"replies":[{"embeddable":true,"href":"https:\/\/www.interaccionnoticias.com.mx\/index.php?rest_route=%2Fwp%2Fv2%2Fcomments&post=36644"}],"version-history":[{"count":0,"href":"https:\/\/www.interaccionnoticias.com.mx\/index.php?rest_route=\/wp\/v2\/posts\/36644\/revisions"}],"wp:featuredmedia":[{"embeddable":true,"href":"https:\/\/www.interaccionnoticias.com.mx\/index.php?rest_route=\/wp\/v2\/media\/36640"}],"wp:attachment":[{"href":"https:\/\/www.interaccionnoticias.com.mx\/index.php?rest_route=%2Fwp%2Fv2%2Fmedia&parent=36644"}],"wp:term":[{"taxonomy":"category","embeddable":true,"href":"https:\/\/www.interaccionnoticias.com.mx\/index.php?rest_route=%2Fwp%2Fv2%2Fcategories&post=36644"},{"taxonomy":"post_tag","embeddable":true,"href":"https:\/\/www.interaccionnoticias.com.mx\/index.php?rest_route=%2Fwp%2Fv2%2Ftags&post=36644"}],"curies":[{"name":"wp","href":"https:\/\/api.w.org\/{rel}","templated":true}]}}