{"id":36636,"date":"2021-08-31T16:56:00","date_gmt":"2021-08-31T21:56:00","guid":{"rendered":"http:\/\/www.inter-accion.com.mx\/?p=36636"},"modified":"2021-08-31T16:56:00","modified_gmt":"2021-08-31T21:56:00","slug":"36636","status":"publish","type":"post","link":"https:\/\/www.interaccionnoticias.com.mx\/?p=36636","title":{"rendered":"Garantiza Astudillo el pago de salarios para 3 mil 600 maestros No Fone"},"content":{"rendered":"\n<p><strong><em>&#8211; La federaci\u00f3n no ha hecho la transferencia de los recursos<\/em><\/strong><\/p>\n\n\n\n<p><strong>Rogelio Agust\u00edn<\/strong><\/p>\n\n\n\n<p>El gobernador H\u00e9ctor Astudillo Flores se comprometi\u00f3 a que la ma\u00f1ana del mi\u00e9rcoles 1 de septiembre, en cuanto la federaci\u00f3n canalice el recurso correspondiente, la administraci\u00f3n estatal realizar\u00e1 la dispersi\u00f3n de los salarios correspondientes a 3 mil 600 profesores que no est\u00e1n incorporados al Fondo de Aportaciones a la N\u00f3mina Educativa (FONE).<\/p>\n\n\n\n<p>Durante la transmisi\u00f3n realizada para actualizar la informaci\u00f3n respecto a la pandemia del Covid-19, el jefe del Ejecutivo local aprovech\u00f3 el espacio para referirse al problema que provoc\u00f3 la movilizaci\u00f3n de un grupo importante de trabajadores de la educaci\u00f3n, quienes solicitaron el pago de la quincena de sus compa\u00f1eros.<\/p>\n\n\n\n<p>Astudillo Flores destac\u00f3 que son alrededor de 3 mil 600 maestros los que hasta este 31 de agosto no hab\u00edan cobrado su quincena.<\/p>\n\n\n\n<p>\u201cNo la han cobrado porque no llega el dinero de la federaci\u00f3n, ya se hizo el tr\u00e1mite y nos han informado que ma\u00f1ana (mi\u00e9rcoles) llega el dinero\u201d, se\u00f1al\u00f3 el gobernador.<\/p>\n\n\n\n<p>Anticip\u00f3: \u201cConforme llegue, les vamos a dispersar su quincena\u201d.<\/p>\n\n\n\n<p>El mandatario estatal refiri\u00f3 que lamentablemente, su administraci\u00f3n \u201cya no tiene de donde prestarse\u201d y por lo tanto, para garantizar el pago de los No Fone, es necesario esperar a que la federaci\u00f3n haga la transferencia correspondiente.<\/p>\n","protected":false},"excerpt":{"rendered":"<p>&#8211; La federaci\u00f3n no ha hecho la transferencia de los recursos Rogelio Agust\u00edn El gobernador H\u00e9ctor Astudillo Flores se comprometi\u00f3 a que la ma\u00f1ana del mi\u00e9rcoles 1 de septiembre, en&hellip; <\/p>\n","protected":false},"author":1,"featured_media":36637,"comment_status":"open","ping_status":"open","sticky":false,"template":"","format":"standard","meta":{"fifu_image_url":"","fifu_image_alt":"","footnotes":""},"categories":[11],"tags":[],"class_list":["post-36636","post","type-post","status-publish","format-standard","has-post-thumbnail","hentry","category-guerrero"],"_links":{"self":[{"href":"https:\/\/www.interaccionnoticias.com.mx\/index.php?rest_route=\/wp\/v2\/posts\/36636","targetHints":{"allow":["GET"]}}],"collection":[{"href":"https:\/\/www.interaccionnoticias.com.mx\/index.php?rest_route=\/wp\/v2\/posts"}],"about":[{"href":"https:\/\/www.interaccionnoticias.com.mx\/index.php?rest_route=\/wp\/v2\/types\/post"}],"author":[{"embeddable":true,"href":"https:\/\/www.interaccionnoticias.com.mx\/index.php?rest_route=\/wp\/v2\/users\/1"}],"replies":[{"embeddable":true,"href":"https:\/\/www.interaccionnoticias.com.mx\/index.php?rest_route=%2Fwp%2Fv2%2Fcomments&post=36636"}],"version-history":[{"count":0,"href":"https:\/\/www.interaccionnoticias.com.mx\/index.php?rest_route=\/wp\/v2\/posts\/36636\/revisions"}],"wp:featuredmedia":[{"embeddable":true,"href":"https:\/\/www.interaccionnoticias.com.mx\/index.php?rest_route=\/wp\/v2\/media\/36637"}],"wp:attachment":[{"href":"https:\/\/www.interaccionnoticias.com.mx\/index.php?rest_route=%2Fwp%2Fv2%2Fmedia&parent=36636"}],"wp:term":[{"taxonomy":"category","embeddable":true,"href":"https:\/\/www.interaccionnoticias.com.mx\/index.php?rest_route=%2Fwp%2Fv2%2Fcategories&post=36636"},{"taxonomy":"post_tag","embeddable":true,"href":"https:\/\/www.interaccionnoticias.com.mx\/index.php?rest_route=%2Fwp%2Fv2%2Ftags&post=36636"}],"curies":[{"name":"wp","href":"https:\/\/api.w.org\/{rel}","templated":true}]}}