{"id":36631,"date":"2021-08-30T21:48:37","date_gmt":"2021-08-31T02:48:37","guid":{"rendered":"http:\/\/www.inter-accion.com.mx\/?p=36631"},"modified":"2021-08-30T21:48:37","modified_gmt":"2021-08-31T02:48:37","slug":"36631","status":"publish","type":"post","link":"https:\/\/www.interaccionnoticias.com.mx\/?p=36631","title":{"rendered":"Evelyn Salgado y Dirigente de Morena piden a diputados electos de su partido mantener la unidad interna"},"content":{"rendered":"\n<p><strong><em>&#8211; La gobernadora electa se reuni\u00f3 con los legisladores de Morena para avanzar en la agenda legislativa y convocarlos a trabajar en unidad<\/em><\/strong><\/p>\n\n\n\n<p><strong><em>&#8211; F\u00e9lix Salgado Macedonio estuvo asisti\u00f3 como invitado especial<\/em><\/strong><\/p>\n\n\n\n<p><strong>Vianey Ponce<\/strong><\/p>\n\n\n\n<p>La gobernadora electa, Evelyn Salgado Pineda sostuvo una reuni\u00f3n con los diputados y las diputadas de Morena que forman parte de la 63 legislatura la cual entra en funciones de manera formal el pr\u00f3ximo mi\u00e9rcoles 1 de septiembre.<\/p>\n\n\n\n<p>El tema central en esta reuni\u00f3n realizada en la capital del estado fue avanzar en la agenda legislativa y convocarlos a trabajar en unidad en beneficio de los guerrerenses.<\/p>\n\n\n\n<p>En el encuentro de este lunes 30 de agosto el secretario general con funciones de presidente del Comit\u00e9 Ejecutivo Estatal (CEE) de Morena, Marcial Rodr\u00edguez Salda\u00f1a pidi\u00f3 a los legisladores de su partido mantener la unidad al interior de la fracci\u00f3n parlamentaria.<\/p>\n\n\n\n<p>Esto llamado se hace en el contexto del pasado proceso electoral cuando durante la selecci\u00f3n interna y distribuci\u00f3n de candidaturas desatar\u00e1 una serie de desacuerdos entre los morenistas.<\/p>\n\n\n\n<p>Y en el que el grupo parlamentario de Morena de la legislatura saliente encabez\u00f3 una serie de conflictos internos, los m\u00e1s recientes debido a la designaci\u00f3n de l\u00edder de bancada y en consecuencia presidente de la Junta de Coordinaci\u00f3n Pol\u00edtica (JUCOPO)<\/p>\n\n\n\n<p>Al encuentro acudi\u00f3 el senador F\u00e9lix Salgado Macedonio quien fue presentado con invitado especial y en su participaci\u00f3n abord\u00f3 los avances en materia legislativa de la 4T a nivel nacional.<\/p>\n\n\n\n<p>Posterior al encuentro, la gobernadora electa public\u00f3 en sus redes sociales una fotograf\u00eda con los legisladores la que acompa\u00f1\u00f3 con el siguiente texto:<\/p>\n\n\n\n<p>\u00abCon las diputadas y diputados locales electos de Morena, coincidimos en fortalecer la ruta de cambio aut\u00e9ntico para el estado\u00bb.<\/p>\n\n\n\n<p>Agreg\u00f3: \u00abEl trabajo para lograr la Cuarta Transformaci\u00f3n requiere unidad, consenso y di\u00e1logo, factores que ser\u00e1n una constante en el pr\u00f3ximo gobierno\u00bb.<\/p>\n\n\n\n<p>El acuerdo fue impulsar una agenda legislativa que empate con la cuarta transformaci\u00f3n encabezada por el presidente de la Rep\u00fablica, Andr\u00e9s Manuel L\u00f3pez Obrador, se\u00f1al\u00f3 en un comunicado el representante estatal de Morena.<\/p>\n","protected":false},"excerpt":{"rendered":"<p>&#8211; La gobernadora electa se reuni\u00f3 con los legisladores de Morena para avanzar en la agenda legislativa y convocarlos a trabajar en unidad &#8211; F\u00e9lix Salgado Macedonio estuvo asisti\u00f3 como&hellip; <\/p>\n","protected":false},"author":1,"featured_media":36630,"comment_status":"open","ping_status":"open","sticky":false,"template":"","format":"standard","meta":{"fifu_image_url":"","fifu_image_alt":"","footnotes":""},"categories":[11],"tags":[],"class_list":["post-36631","post","type-post","status-publish","format-standard","has-post-thumbnail","hentry","category-guerrero"],"_links":{"self":[{"href":"https:\/\/www.interaccionnoticias.com.mx\/index.php?rest_route=\/wp\/v2\/posts\/36631","targetHints":{"allow":["GET"]}}],"collection":[{"href":"https:\/\/www.interaccionnoticias.com.mx\/index.php?rest_route=\/wp\/v2\/posts"}],"about":[{"href":"https:\/\/www.interaccionnoticias.com.mx\/index.php?rest_route=\/wp\/v2\/types\/post"}],"author":[{"embeddable":true,"href":"https:\/\/www.interaccionnoticias.com.mx\/index.php?rest_route=\/wp\/v2\/users\/1"}],"replies":[{"embeddable":true,"href":"https:\/\/www.interaccionnoticias.com.mx\/index.php?rest_route=%2Fwp%2Fv2%2Fcomments&post=36631"}],"version-history":[{"count":0,"href":"https:\/\/www.interaccionnoticias.com.mx\/index.php?rest_route=\/wp\/v2\/posts\/36631\/revisions"}],"wp:featuredmedia":[{"embeddable":true,"href":"https:\/\/www.interaccionnoticias.com.mx\/index.php?rest_route=\/wp\/v2\/media\/36630"}],"wp:attachment":[{"href":"https:\/\/www.interaccionnoticias.com.mx\/index.php?rest_route=%2Fwp%2Fv2%2Fmedia&parent=36631"}],"wp:term":[{"taxonomy":"category","embeddable":true,"href":"https:\/\/www.interaccionnoticias.com.mx\/index.php?rest_route=%2Fwp%2Fv2%2Fcategories&post=36631"},{"taxonomy":"post_tag","embeddable":true,"href":"https:\/\/www.interaccionnoticias.com.mx\/index.php?rest_route=%2Fwp%2Fv2%2Ftags&post=36631"}],"curies":[{"name":"wp","href":"https:\/\/api.w.org\/{rel}","templated":true}]}}