{"id":3663,"date":"2017-04-20T22:45:50","date_gmt":"2017-04-21T03:45:50","guid":{"rendered":"http:\/\/www.inter-accion.com.mx\/?p=3663"},"modified":"2017-04-20T22:45:50","modified_gmt":"2017-04-21T03:45:50","slug":"el-pan-se-suma-a-exigencia-de-cambios-en-la-fge","status":"publish","type":"post","link":"https:\/\/www.interaccionnoticias.com.mx\/?p=3663","title":{"rendered":"El PAN se suma a exigencia de cambios en la FGE"},"content":{"rendered":"<p>El Comit\u00e9 Directivo Estatal (CDE) del Partido Acci\u00f3n Nacional (PAN), se uni\u00f3 a la petici\u00f3n del Partido de la Revoluci\u00f3n Democr\u00e1tica (PRD) de pedir la renuncia del titular de la Fiscal\u00eda General del Estado (FGE), Javier Olea Pel\u00e1ez, tras el asesinato del perredista Demetrio Sald\u00edvar G\u00f3mez.<br \/>\nAs\u00ed mismo el dirigente del PAN, Marco Antonio Maganda Villalva se\u00f1al\u00f3 que para revertir el incremento en la actividad delictiva en la entidad, el gobierno federal debe hacerse cargo de brindar seguridad a los guerrerenses.<br \/>\nAdem\u00e1s que la delincuencia organizada se debe combatir de manera frontal, como lo realiz\u00f3 en alg\u00fan momento el gobierno que presidi\u00f3 Felipe Calder\u00f3n Hinojosa.<br \/>\nMaganda Villalva, record\u00f3 que el primer error del gobierno de H\u00e9ctor Astudillo Flores, fue prometer que en un plazo de un a\u00f1o terminar\u00eda con la delincuencia en Guerrero y aun no \u00abhay orden y paz como lo prometi\u00f3\u00bb.<br \/>\n\u00abYo dir\u00eda que el ataque directo hasta el momento ha sido con los ciudadanos guerrerenses, no porque en este momento hemos estado padeciendo ataques directos a la clase pol\u00edtica&#8230; no hay condiciones\u00bb, precis\u00f3.<br \/>\nFinalmente, adelant\u00f3 que exhortar\u00e1n al \u00fanico diputado que los representa en el Congreso del Estado, al panista Iv\u00e1n Pachuca Dom\u00ednguez, a que fije una postura en torno a los hechos violentos y a promover una renovaci\u00f3n en la titularidad de la FGE.<\/p>\n","protected":false},"excerpt":{"rendered":"<p>El Comit\u00e9 Directivo Estatal (CDE) del Partido Acci\u00f3n Nacional (PAN), se uni\u00f3 a la petici\u00f3n del Partido de la Revoluci\u00f3n Democr\u00e1tica (PRD) de pedir la renuncia del titular de la&hellip; <\/p>\n","protected":false},"author":1,"featured_media":0,"comment_status":"open","ping_status":"open","sticky":false,"template":"","format":"standard","meta":{"fifu_image_url":"","fifu_image_alt":"","footnotes":""},"categories":[8,18],"tags":[],"class_list":["post-3663","post","type-post","status-publish","format-standard","hentry","category-featured","category-partidos-politicos"],"_links":{"self":[{"href":"https:\/\/www.interaccionnoticias.com.mx\/index.php?rest_route=\/wp\/v2\/posts\/3663","targetHints":{"allow":["GET"]}}],"collection":[{"href":"https:\/\/www.interaccionnoticias.com.mx\/index.php?rest_route=\/wp\/v2\/posts"}],"about":[{"href":"https:\/\/www.interaccionnoticias.com.mx\/index.php?rest_route=\/wp\/v2\/types\/post"}],"author":[{"embeddable":true,"href":"https:\/\/www.interaccionnoticias.com.mx\/index.php?rest_route=\/wp\/v2\/users\/1"}],"replies":[{"embeddable":true,"href":"https:\/\/www.interaccionnoticias.com.mx\/index.php?rest_route=%2Fwp%2Fv2%2Fcomments&post=3663"}],"version-history":[{"count":0,"href":"https:\/\/www.interaccionnoticias.com.mx\/index.php?rest_route=\/wp\/v2\/posts\/3663\/revisions"}],"wp:attachment":[{"href":"https:\/\/www.interaccionnoticias.com.mx\/index.php?rest_route=%2Fwp%2Fv2%2Fmedia&parent=3663"}],"wp:term":[{"taxonomy":"category","embeddable":true,"href":"https:\/\/www.interaccionnoticias.com.mx\/index.php?rest_route=%2Fwp%2Fv2%2Fcategories&post=3663"},{"taxonomy":"post_tag","embeddable":true,"href":"https:\/\/www.interaccionnoticias.com.mx\/index.php?rest_route=%2Fwp%2Fv2%2Ftags&post=3663"}],"curies":[{"name":"wp","href":"https:\/\/api.w.org\/{rel}","templated":true}]}}