{"id":36626,"date":"2021-08-30T20:49:44","date_gmt":"2021-08-31T01:49:44","guid":{"rendered":"http:\/\/www.inter-accion.com.mx\/?p=36626"},"modified":"2021-08-30T20:49:44","modified_gmt":"2021-08-31T01:49:44","slug":"36626","status":"publish","type":"post","link":"https:\/\/www.interaccionnoticias.com.mx\/?p=36626","title":{"rendered":"Solo el 12 por ciento de escuelas regreso a clases de manera presencial"},"content":{"rendered":"\n<p><strong>Rosario Garc\u00eda Orozco<\/strong><\/p>\n\n\n\n<p><strong>Chilpancingo, Gro., 30 de agosto del 2021.-<\/strong> Este lunes en Guerrero regresaron a clases presenciales solo mil 334 escuelas de m\u00e1s de 12 mil que hay en la entidad, lo que representa apenas el 12 por ciento de la totalidad de planteles; mientras que el 86 por ciento lo hizo con el sistema a distancia y el 2 por ciento en el formato h\u00edbrido.<\/p>\n\n\n\n<p>En la conferencia diaria del gobierno del estado para dar a conocer los avances del Covid 19, el gobernador H\u00e9ctor Astudillo Flores inaugur\u00f3 el ciclo escolar 2021-2022, y reconoci\u00f3 a la delegada de Conafe en Guerrero, Aid\u00e9e Becerra Sen, \u201csu apoyo para que especialmente todas las aulas que tenemos en las zonas rurales est\u00e9n trabajando\u201d.<\/p>\n\n\n\n<p>De las mil 334 escuelas que regresaron a clases presenciales, mil 032 son del sistema educativo de Conafe, que atiende a grupos muy reducidos de estudiantes, principalmente en comunidades apartadas de las cabeceras municipales.<\/p>\n\n\n\n<p>Record\u00f3 que en la entidad se instal\u00f3 un Comit\u00e9 Estatal de Regreso a Clases, \u201cy no es un asunto sencillo ya lo he comentado, el haber cerrado las aulas fue complicado, regresar hoy es todo un desaf\u00edo, pero poco a poco lo vamos a ir haciendo\u201d.<\/p>\n\n\n\n<p>Mencion\u00f3 que la estrategia es que los estudiantes acudan a clases presenciales poco a poco, es decir que se dividan en grupos los salones para que se conserve la sana distancia y no haya riesgos de contagios.<\/p>\n\n\n\n<p>\u201cNosotros estamos de acuerdo con el presidente de la Rep\u00fablica de que es importante regresar a las aulas, por el bien de la educaci\u00f3n, por el bien de los ni\u00f1os, pero hay que ir con mucho cuidado con el tema de los ni\u00f1os, con mucho cuidado por eso donde se pueda nada forzado, todo voluntario\u201d, insisti\u00f3.<\/p>\n","protected":false},"excerpt":{"rendered":"<p>Rosario Garc\u00eda Orozco Chilpancingo, Gro., 30 de agosto del 2021.- Este lunes en Guerrero regresaron a clases presenciales solo mil 334 escuelas de m\u00e1s de 12 mil que hay en&hellip; <\/p>\n","protected":false},"author":1,"featured_media":36625,"comment_status":"open","ping_status":"open","sticky":false,"template":"","format":"standard","meta":{"fifu_image_url":"","fifu_image_alt":"","footnotes":""},"categories":[6],"tags":[],"class_list":["post-36626","post","type-post","status-publish","format-standard","has-post-thumbnail","hentry","category-educacion"],"_links":{"self":[{"href":"https:\/\/www.interaccionnoticias.com.mx\/index.php?rest_route=\/wp\/v2\/posts\/36626","targetHints":{"allow":["GET"]}}],"collection":[{"href":"https:\/\/www.interaccionnoticias.com.mx\/index.php?rest_route=\/wp\/v2\/posts"}],"about":[{"href":"https:\/\/www.interaccionnoticias.com.mx\/index.php?rest_route=\/wp\/v2\/types\/post"}],"author":[{"embeddable":true,"href":"https:\/\/www.interaccionnoticias.com.mx\/index.php?rest_route=\/wp\/v2\/users\/1"}],"replies":[{"embeddable":true,"href":"https:\/\/www.interaccionnoticias.com.mx\/index.php?rest_route=%2Fwp%2Fv2%2Fcomments&post=36626"}],"version-history":[{"count":0,"href":"https:\/\/www.interaccionnoticias.com.mx\/index.php?rest_route=\/wp\/v2\/posts\/36626\/revisions"}],"wp:featuredmedia":[{"embeddable":true,"href":"https:\/\/www.interaccionnoticias.com.mx\/index.php?rest_route=\/wp\/v2\/media\/36625"}],"wp:attachment":[{"href":"https:\/\/www.interaccionnoticias.com.mx\/index.php?rest_route=%2Fwp%2Fv2%2Fmedia&parent=36626"}],"wp:term":[{"taxonomy":"category","embeddable":true,"href":"https:\/\/www.interaccionnoticias.com.mx\/index.php?rest_route=%2Fwp%2Fv2%2Fcategories&post=36626"},{"taxonomy":"post_tag","embeddable":true,"href":"https:\/\/www.interaccionnoticias.com.mx\/index.php?rest_route=%2Fwp%2Fv2%2Ftags&post=36626"}],"curies":[{"name":"wp","href":"https:\/\/api.w.org\/{rel}","templated":true}]}}