{"id":36620,"date":"2021-08-30T19:18:18","date_gmt":"2021-08-31T00:18:18","guid":{"rendered":"http:\/\/www.inter-accion.com.mx\/?p=36620"},"modified":"2021-08-30T19:18:18","modified_gmt":"2021-08-31T00:18:18","slug":"36620","status":"publish","type":"post","link":"https:\/\/www.interaccionnoticias.com.mx\/?p=36620","title":{"rendered":"Manuel A\u00f1orve niega cualquier acto de traici\u00f3n contra el PRI"},"content":{"rendered":"\n<p><strong><em>&#8212; \u201cHice lo que me correspond\u00eda, nadie puede decir que no estuve en la campa\u00f1a\u201d, se\u00f1ala el senador de la Rep\u00fablica<br>&#8212; El audio fue editado con dolo, insiste y advierte que la denuncia va hasta las \u00faltimas consecuencias<br>&#8212; La relaci\u00f3n con el gobernador H\u00e9ctor Astudillo y el ex candidato, Mario Moreno Arcos es buena, asegura<\/em><\/strong><\/p>\n\n\n\n<p><strong>Vianey Ponce<\/strong><\/p>\n\n\n\n<p>El senador de la Rep\u00fablica, Manuel A\u00f1orve Ba\u00f1os rechaz\u00f3 cualquier acto de traici\u00f3n en contra del PRI durante la contienda electoral del 6 de junio, asegur\u00f3 que existen evidencias de que s\u00ed estuvo en la campa\u00f1a, advirti\u00f3 que ir\u00e1 hasta las \u00faltimas consecuencias en la demanda que presentar\u00e1 ante la Fiscal\u00eda General de la Rep\u00fablica (FGR) y sostuvo que su relaci\u00f3n con el gobernador H\u00e9ctor Astudillo Flores y el candidato Mario Moreno Arcos es buena.<\/p>\n\n\n\n<p>\u201cYo di la cara, saque el pecho haciendo campa\u00f1a, me fui a las propuestas, a los recorridos o reuniones (\u2026) hice lo que me correspond\u00eda. Nadie me va acusar de que no hice campa\u00f1a y lo hice convencido de apoyar a todos los candidatos\u201d, sostuvo el ex alcalde de Acapulco en un enlace telef\u00f3nico.<\/p>\n\n\n\n<p>A\u00f1orve Ba\u00f1os desminti\u00f3 las especulaciones que se pudieran manejar ante un posible acto de traici\u00f3n, expresi\u00f3n que incluso, pidi\u00f3 que siquiera fuera asociada a una interrogante, porque existen elementos de que estuvo en diferentes eventos de proselitismo en las siete regiones del estado.<\/p>\n\n\n\n<p>Tambi\u00e9n neg\u00f3 que tenga una mala relaci\u00f3n con el Gobernador H\u00e9ctor Astudillo Flores y el ex candidato a la gubernatura por la colaci\u00f3n PRI-PRD, Mario Moreno Arcos.<\/p>\n\n\n\n<p>Respecto al audio que se filtr\u00f3 el viernes 27 de agosto en diferentes redes sociales, en los que manifiesta su inconformidad por el trato que se le dio en el proceso de definici\u00f3n de la candidatura gubernamental del PRI, dijo que evidentemente, est\u00e1 manipulado y sacado completamente de contexto.<\/p>\n\n\n\n<p>Record\u00f3 que una vez superada la selecci\u00f3n del candidato a gobernador en el PRI, \u00e9l se sum\u00f3 a las acciones encaminadas a promover el voto, acompa\u00f1ando a candidatos a diferentes cargos de elecci\u00f3n popular en las diferentes regiones.<\/p>\n\n\n\n<p>A\u00f1orve precis\u00f3 que esa llamada se hizo en un tiempo distinto al de ahora. Manifest\u00f3 que en su momento no fue un secreto que al no ser designado como el candidato a gobernador, recibi\u00f3 ofertas desde la dirigencia nacional de otros partidos pol\u00edticos, particularmente del Verde Ecologista de M\u00e9xico (PVEM).<\/p>\n\n\n\n<p>Sin embargo, declin\u00f3 las invitaciones e incluso emiti\u00f3 un comunicado para despejar las dudas de quienes dec\u00edan que estaba inconforme, de tal suerte que de manera oportuna ratific\u00f3 su lealtad y permanencia en el PRI.<\/p>\n\n\n\n<p>Por eso insisti\u00f3 en que la filtraci\u00f3n de esa llamada es mal intencionada, ya que de manera evidente est\u00e1 editada con dolo, pues s\u00f3lo se filtr\u00f3 su intervenci\u00f3n y no la llamada aut\u00e9ntica con la conversaci\u00f3n de los dos interlocutores.<\/p>\n\n\n\n<p>En consecuencia, dijo que ser\u00e1 en el transcurso de esta semana cuando interponga la denuncia por el hecho ante la Fiscal\u00eda General de la Rep\u00fablica (FGR), autoridad que dijo, le corresponde investigar el origen de la filtraci\u00f3n, los fines con los que la hicieron y quienes son los responsables.<\/p>\n\n\n\n<p>En el tema de la denuncia, dijo que ir\u00e1 ha fondo, \u201ctope donde tope\u201d y que no piensa dejarla inconclusa, pues es necesario saber quienes propiciaron la desinformaci\u00f3n que deriva de la publicaci\u00f3n de dicho audio.<\/p>\n\n\n\n<p>Mientras tanto, dijo que su participaci\u00f3n a favor de las y los candidatos del PRI y de la coalici\u00f3n es muy clara, por eso rechaz\u00f3 la sola insinuaci\u00f3n de una traici\u00f3n a su partido.<\/p>\n\n\n\n<p>Sobre su relaci\u00f3n con el gobernador saliente, emanado del PRI, dijo que su amistad y relaci\u00f3n pol\u00edtica es de muchos a\u00f1os atr\u00e1s y aunque reconoci\u00f3 que mantienen algunas diferencias, sostuvo que son m\u00e1s las coincidencias las que hacen que el lazo amistoso prevalezca.<\/p>\n","protected":false},"excerpt":{"rendered":"<p>&#8212; \u201cHice lo que me correspond\u00eda, nadie puede decir que no estuve en la campa\u00f1a\u201d, se\u00f1ala el senador de la Rep\u00fablica&#8212; El audio fue editado con dolo, insiste y advierte&hellip; <\/p>\n","protected":false},"author":1,"featured_media":36621,"comment_status":"open","ping_status":"open","sticky":false,"template":"","format":"standard","meta":{"fifu_image_url":"","fifu_image_alt":"","footnotes":""},"categories":[21],"tags":[],"class_list":["post-36620","post","type-post","status-publish","format-standard","has-post-thumbnail","hentry","category-politica"],"_links":{"self":[{"href":"https:\/\/www.interaccionnoticias.com.mx\/index.php?rest_route=\/wp\/v2\/posts\/36620","targetHints":{"allow":["GET"]}}],"collection":[{"href":"https:\/\/www.interaccionnoticias.com.mx\/index.php?rest_route=\/wp\/v2\/posts"}],"about":[{"href":"https:\/\/www.interaccionnoticias.com.mx\/index.php?rest_route=\/wp\/v2\/types\/post"}],"author":[{"embeddable":true,"href":"https:\/\/www.interaccionnoticias.com.mx\/index.php?rest_route=\/wp\/v2\/users\/1"}],"replies":[{"embeddable":true,"href":"https:\/\/www.interaccionnoticias.com.mx\/index.php?rest_route=%2Fwp%2Fv2%2Fcomments&post=36620"}],"version-history":[{"count":0,"href":"https:\/\/www.interaccionnoticias.com.mx\/index.php?rest_route=\/wp\/v2\/posts\/36620\/revisions"}],"wp:featuredmedia":[{"embeddable":true,"href":"https:\/\/www.interaccionnoticias.com.mx\/index.php?rest_route=\/wp\/v2\/media\/36621"}],"wp:attachment":[{"href":"https:\/\/www.interaccionnoticias.com.mx\/index.php?rest_route=%2Fwp%2Fv2%2Fmedia&parent=36620"}],"wp:term":[{"taxonomy":"category","embeddable":true,"href":"https:\/\/www.interaccionnoticias.com.mx\/index.php?rest_route=%2Fwp%2Fv2%2Fcategories&post=36620"},{"taxonomy":"post_tag","embeddable":true,"href":"https:\/\/www.interaccionnoticias.com.mx\/index.php?rest_route=%2Fwp%2Fv2%2Ftags&post=36620"}],"curies":[{"name":"wp","href":"https:\/\/api.w.org\/{rel}","templated":true}]}}