{"id":36615,"date":"2021-08-30T18:07:42","date_gmt":"2021-08-30T23:07:42","guid":{"rendered":"http:\/\/www.inter-accion.com.mx\/?p=36615"},"modified":"2021-08-30T18:07:42","modified_gmt":"2021-08-30T23:07:42","slug":"36615","status":"publish","type":"post","link":"https:\/\/www.interaccionnoticias.com.mx\/?p=36615","title":{"rendered":"Semarnat da inicio al programa \u201cRegreso a clases con un \u00e1rbol\u201d para fomentar la cultura del medio ambiente"},"content":{"rendered":"\n<p><strong>Rosario Garc\u00eda Orozco<\/strong><\/p>\n\n\n\n<p><strong>Chilpancingo, Gro., 30 de agosto del 2021.-<\/strong> En el marco del inicio del ciclo escolar 2021-2022, la Secretar\u00eda del Medio Ambiente y Recursos Naturales del gobierno del estado dio inicio al programa \u201cRegreso a clases con un \u00e1rbol\u201d, con el objetivo se concientizar a los alumnos, padres de familia y maestros sobre la importancia de la conservaci\u00f3n del medio ambiente.<\/p>\n\n\n\n<p>El programa dio inicio en la Escuela Secundaria Galo Sober\u00f3n y Parra de esta ciudad, en donde se hizo \u00e9nfasis de la colaboraci\u00f3n de los padres de familia para aportar plantas y \u00e1rboles para las escuelas en las que estudian sus hijos y mejorar tambi\u00e9n el entorno no solo escolar sino de las colonias donde se ubican los planteles educativos.<\/p>\n\n\n\n<p>El titular de la Semarnat, Arturo \u00c1lvarez Angli confi\u00f3 en que mediante esta estrategia ni\u00f1os y adolescentes aprendan que si desde ahora se cuida el medio ambiente m\u00e1s adelante el planeta va a tener una mejor calidad, \u201cprimero podemos comprometernos a plantar un \u00e1rbol, despu\u00e9s a no tirar basura en lugares no adecuados y m\u00e1s adelante a cuidar el agua\u201d, se trata de fomentar una conciencia social, insisti\u00f3.<\/p>\n\n\n\n<p>En representac\u00edon de la Comisi\u00f3n Nacional Forestal (Conafor), Edgar Toribio Hern\u00e1ndez, reconoci\u00f3 que en ocasiones no se tiene conciencia del da\u00f1o que se le causa al medio ambiente con el uso de agroqu\u00edmicos o la tala inmoderada de \u00e1rboles, lo que deteriora el medio ambiente.<\/p>\n\n\n\n<p>El director de la Secundaria Galo Sober\u00f3n y Parra, Agust\u00edn Ram\u00edrez, dijo que es muy importante la participaci\u00f3n de los padres de familia, para que los ni\u00f1os tengan una cultura m\u00e1s amplia de respeto y protecci\u00f3n de su entorno.<\/p>\n\n\n\n<p>Mientras que el estudiante Daniel El\u00edas \u00c1lvarez mencion\u00f3 que tan solo en la primer parte del programa en esa escuela se sembrar\u00e1n 60 \u00e1rboles y plantas, y convoc\u00f3 a sus compa\u00f1eros a participar no solo en la donaci\u00f3n de plantas, sino tambi\u00e9n en su cuidado.<\/p>\n\n\n\n<p>De acuerdo a los objetivos del programa, se espera que en los m\u00e1s de 12 mil planteles educativos de la entidad, los estudiantes aporten \u00e1rboles y plantas de ornato para embellecer sus escuelas, pero tambi\u00e9n para mejorar su entorno.<\/p>\n","protected":false},"excerpt":{"rendered":"<p>Rosario Garc\u00eda Orozco Chilpancingo, Gro., 30 de agosto del 2021.- En el marco del inicio del ciclo escolar 2021-2022, la Secretar\u00eda del Medio Ambiente y Recursos Naturales del gobierno del&hellip; <\/p>\n","protected":false},"author":1,"featured_media":36616,"comment_status":"open","ping_status":"open","sticky":false,"template":"","format":"standard","meta":{"fifu_image_url":"","fifu_image_alt":"","footnotes":""},"categories":[6],"tags":[],"class_list":["post-36615","post","type-post","status-publish","format-standard","has-post-thumbnail","hentry","category-educacion"],"_links":{"self":[{"href":"https:\/\/www.interaccionnoticias.com.mx\/index.php?rest_route=\/wp\/v2\/posts\/36615","targetHints":{"allow":["GET"]}}],"collection":[{"href":"https:\/\/www.interaccionnoticias.com.mx\/index.php?rest_route=\/wp\/v2\/posts"}],"about":[{"href":"https:\/\/www.interaccionnoticias.com.mx\/index.php?rest_route=\/wp\/v2\/types\/post"}],"author":[{"embeddable":true,"href":"https:\/\/www.interaccionnoticias.com.mx\/index.php?rest_route=\/wp\/v2\/users\/1"}],"replies":[{"embeddable":true,"href":"https:\/\/www.interaccionnoticias.com.mx\/index.php?rest_route=%2Fwp%2Fv2%2Fcomments&post=36615"}],"version-history":[{"count":0,"href":"https:\/\/www.interaccionnoticias.com.mx\/index.php?rest_route=\/wp\/v2\/posts\/36615\/revisions"}],"wp:featuredmedia":[{"embeddable":true,"href":"https:\/\/www.interaccionnoticias.com.mx\/index.php?rest_route=\/wp\/v2\/media\/36616"}],"wp:attachment":[{"href":"https:\/\/www.interaccionnoticias.com.mx\/index.php?rest_route=%2Fwp%2Fv2%2Fmedia&parent=36615"}],"wp:term":[{"taxonomy":"category","embeddable":true,"href":"https:\/\/www.interaccionnoticias.com.mx\/index.php?rest_route=%2Fwp%2Fv2%2Fcategories&post=36615"},{"taxonomy":"post_tag","embeddable":true,"href":"https:\/\/www.interaccionnoticias.com.mx\/index.php?rest_route=%2Fwp%2Fv2%2Ftags&post=36615"}],"curies":[{"name":"wp","href":"https:\/\/api.w.org\/{rel}","templated":true}]}}