{"id":3660,"date":"2017-04-20T22:16:04","date_gmt":"2017-04-21T03:16:04","guid":{"rendered":"http:\/\/www.inter-accion.com.mx\/?p=3660"},"modified":"2017-04-20T22:16:04","modified_gmt":"2017-04-21T03:16:04","slug":"titular-de-fortaseg-no-informa-sobre-despido-de-policias-senala-sindico","status":"publish","type":"post","link":"https:\/\/www.interaccionnoticias.com.mx\/?p=3660","title":{"rendered":"Titular de FORTASEG no informa sobre despido de polic\u00edas, se\u00f1ala s\u00edndico"},"content":{"rendered":"<p>El coordinador del Programa de Fortalecimiento para la Seguridad (FORTASEG) en el estado, Efra\u00edn Z\u00fa\u00f1iga Cort\u00e9s, no ha dado respuesta a una solicitud en la que se pide que explique el por qu\u00e9 despidi\u00f3 injustificadamente a 24 elementos de la Polic\u00eda Municipal, seg\u00fan se\u00f1al\u00f3 el segundo s\u00edndico procurador de Chilpancingo, Miguel \u00c1ngel Hern\u00e1ndez G\u00f3mez.<br \/>\nPuntualiz\u00f3 que el despido de los polic\u00edas fue injustificado, porque el caso no fue remitido a la Comisi\u00f3n de Honor y Justicia, la cual preside, y contrario a eso Z\u00fa\u00f1iga Cort\u00e9s los separ\u00f3 de sus actividades sin explicar el procedimiento en el que se bas\u00f3.<br \/>\n\u201cSi hay mandos superiores que no han presentado el tema de la evaluaci\u00f3n, c\u00f3mo es posible que alguien que tiene a\u00f1os trabajando en temas de seguridad, me los despidan nada mas as\u00ed, y los primeros que se tienen que evaluar son los mandos medios y superiores\u201d, resalt\u00f3<br \/>\nHern\u00e1ndez G\u00f3mez, se\u00f1al\u00f3 que ha insistido junto con la regidora Nancy Soraya Cruz Garc\u00eda, porque se eval\u00fae en control y confianza a Z\u00fa\u00f1iga Cort\u00e9s, sin embargo, esa propuesta es contraria a lo que opina el alcalde de Chilpancingo, Marco Antonio Leyva Mena.<br \/>\nExpuso que es una \u201cpresunci\u00f3n\u201d que se diga que los elementos despedidos, fueron quienes sometieron y esposaron a Efra\u00edn Z\u00fa\u00f1iga, durante un paro de labores que realizaron en las Instalaciones del Cuartel Policial, donde exigieron su renuncia por presuntos actos de corrupci\u00f3n y desv\u00edos de recursos.<\/p>\n","protected":false},"excerpt":{"rendered":"<p>El coordinador del Programa de Fortalecimiento para la Seguridad (FORTASEG) en el estado, Efra\u00edn Z\u00fa\u00f1iga Cort\u00e9s, no ha dado respuesta a una solicitud en la que se pide que explique&hellip; <\/p>\n","protected":false},"author":1,"featured_media":0,"comment_status":"open","ping_status":"open","sticky":false,"template":"","format":"standard","meta":{"fifu_image_url":"","fifu_image_alt":"","footnotes":""},"categories":[13,8],"tags":[],"class_list":["post-3660","post","type-post","status-publish","format-standard","hentry","category-capital","category-featured"],"_links":{"self":[{"href":"https:\/\/www.interaccionnoticias.com.mx\/index.php?rest_route=\/wp\/v2\/posts\/3660","targetHints":{"allow":["GET"]}}],"collection":[{"href":"https:\/\/www.interaccionnoticias.com.mx\/index.php?rest_route=\/wp\/v2\/posts"}],"about":[{"href":"https:\/\/www.interaccionnoticias.com.mx\/index.php?rest_route=\/wp\/v2\/types\/post"}],"author":[{"embeddable":true,"href":"https:\/\/www.interaccionnoticias.com.mx\/index.php?rest_route=\/wp\/v2\/users\/1"}],"replies":[{"embeddable":true,"href":"https:\/\/www.interaccionnoticias.com.mx\/index.php?rest_route=%2Fwp%2Fv2%2Fcomments&post=3660"}],"version-history":[{"count":0,"href":"https:\/\/www.interaccionnoticias.com.mx\/index.php?rest_route=\/wp\/v2\/posts\/3660\/revisions"}],"wp:attachment":[{"href":"https:\/\/www.interaccionnoticias.com.mx\/index.php?rest_route=%2Fwp%2Fv2%2Fmedia&parent=3660"}],"wp:term":[{"taxonomy":"category","embeddable":true,"href":"https:\/\/www.interaccionnoticias.com.mx\/index.php?rest_route=%2Fwp%2Fv2%2Fcategories&post=3660"},{"taxonomy":"post_tag","embeddable":true,"href":"https:\/\/www.interaccionnoticias.com.mx\/index.php?rest_route=%2Fwp%2Fv2%2Ftags&post=3660"}],"curies":[{"name":"wp","href":"https:\/\/api.w.org\/{rel}","templated":true}]}}