{"id":36584,"date":"2021-08-30T14:24:55","date_gmt":"2021-08-30T19:24:55","guid":{"rendered":"http:\/\/www.inter-accion.com.mx\/?p=36584"},"modified":"2021-08-30T14:24:55","modified_gmt":"2021-08-30T19:24:55","slug":"36584","status":"publish","type":"post","link":"https:\/\/www.interaccionnoticias.com.mx\/?p=36584","title":{"rendered":"Estudiantes de Ayotzinapa advierten que AMLO pretende \u00abdesmantelar\u00bb al normalismo rural"},"content":{"rendered":"\n<p><strong>&#8211; Instalan filtro informativo en la Autopista del Sol<\/strong><\/p>\n\n\n\n<p><strong>Rogelio Agust\u00edn<\/strong><\/p>\n\n\n\n<p>Estudiantes de la Normal Rural de Ayotzinapa instalaron un filtro informativo en la Autopista del Sol, advierten que no van a permitir que el presidente de la Rep\u00fablica, Andr\u00e9s Manuel L\u00f3pez Obrador les quite el servicio de comedor y de internado, porque eso implica desmantelar el normalismo rural en el pa\u00eds.<\/p>\n\n\n\n<p>Los estudiantes llegaron a la entrada sur de Chilpancingo alrededor de las 13:00 horas de este lunes 30 de agosto, con la intenci\u00f3n de distribuir volantes en los que explican a los automovilistas y la sociedad, que el presidente de la Rep\u00fablica pretende suprimir el servicio de comedor y de internado a las normales rurales del pa\u00eds, lo que implica desmantelar su sistema de organizaci\u00f3n.<\/p>\n\n\n\n<p>Durante la exposici\u00f3n que hicieron ante los medios de comunicaci\u00f3n, los representantes de la sociedad de alumnos Ricardo Flores Mag\u00f3n se\u00f1alaron que el presidente L\u00f3pez Obrador conoce muy bien el esquema con el que funcionan las normales rurales del pa\u00eds, de tal suerte que anunciar la sustituci\u00f3n de los dormitorios y de los comedores estudiantiles a cambio de becas tiene una intencionalidad muy clara: \u00abdesmantelar al normalismo rural del pa\u00eds\u00bb.<\/p>\n\n\n\n<p>Los estudiantes manifestaron preocupaci\u00f3n por el rumbo que est\u00e1 tomando la administraci\u00f3n federal en turno, pues de entrada se\u00f1alan que los obliga a salir a las calles por lo que perciben como una agresi\u00f3n directa, aunque est\u00e9 maquillada con demagogia.<\/p>\n\n\n\n<p>Advirtieron que las movilizaciones van a intensificarse, conforme se vayan materiallzando los anuncios de jefe del Poder Ejecutivo Federal.<\/p>\n","protected":false},"excerpt":{"rendered":"<p>&#8211; Instalan filtro informativo en la Autopista del Sol Rogelio Agust\u00edn Estudiantes de la Normal Rural de Ayotzinapa instalaron un filtro informativo en la Autopista del Sol, advierten que no&hellip; <\/p>\n","protected":false},"author":1,"featured_media":36585,"comment_status":"open","ping_status":"open","sticky":false,"template":"","format":"standard","meta":{"fifu_image_url":"","fifu_image_alt":"","footnotes":""},"categories":[15],"tags":[],"class_list":["post-36584","post","type-post","status-publish","format-standard","has-post-thumbnail","hentry","category-movimientos-sociales"],"_links":{"self":[{"href":"https:\/\/www.interaccionnoticias.com.mx\/index.php?rest_route=\/wp\/v2\/posts\/36584","targetHints":{"allow":["GET"]}}],"collection":[{"href":"https:\/\/www.interaccionnoticias.com.mx\/index.php?rest_route=\/wp\/v2\/posts"}],"about":[{"href":"https:\/\/www.interaccionnoticias.com.mx\/index.php?rest_route=\/wp\/v2\/types\/post"}],"author":[{"embeddable":true,"href":"https:\/\/www.interaccionnoticias.com.mx\/index.php?rest_route=\/wp\/v2\/users\/1"}],"replies":[{"embeddable":true,"href":"https:\/\/www.interaccionnoticias.com.mx\/index.php?rest_route=%2Fwp%2Fv2%2Fcomments&post=36584"}],"version-history":[{"count":0,"href":"https:\/\/www.interaccionnoticias.com.mx\/index.php?rest_route=\/wp\/v2\/posts\/36584\/revisions"}],"wp:featuredmedia":[{"embeddable":true,"href":"https:\/\/www.interaccionnoticias.com.mx\/index.php?rest_route=\/wp\/v2\/media\/36585"}],"wp:attachment":[{"href":"https:\/\/www.interaccionnoticias.com.mx\/index.php?rest_route=%2Fwp%2Fv2%2Fmedia&parent=36584"}],"wp:term":[{"taxonomy":"category","embeddable":true,"href":"https:\/\/www.interaccionnoticias.com.mx\/index.php?rest_route=%2Fwp%2Fv2%2Fcategories&post=36584"},{"taxonomy":"post_tag","embeddable":true,"href":"https:\/\/www.interaccionnoticias.com.mx\/index.php?rest_route=%2Fwp%2Fv2%2Ftags&post=36584"}],"curies":[{"name":"wp","href":"https:\/\/api.w.org\/{rel}","templated":true}]}}