{"id":3657,"date":"2017-04-20T22:06:50","date_gmt":"2017-04-21T03:06:50","guid":{"rendered":"http:\/\/www.inter-accion.com.mx\/?p=3657"},"modified":"2017-04-20T22:06:50","modified_gmt":"2017-04-21T03:06:50","slug":"un-muerto-y-cinco-heridos-en-choque-en-tecpan-de-galeana","status":"publish","type":"post","link":"https:\/\/www.interaccionnoticias.com.mx\/?p=3657","title":{"rendered":"Un muerto y cinco heridos en choque en Tecpan de Galeana"},"content":{"rendered":"<p>*Un autob\u00fas de pasajeros contra un cami\u00f3n de madera<br \/>\n&nbsp;<br \/>\n<strong>SNI, Acapulco, 20 de abril.- <\/strong>El choque de un autob\u00fas de pasajeros contra un cami\u00f3n que transportaba madera, en la carretera federal Acapulco-Zihuatanejo, dej\u00f3 como saldo un muerto y cinco lesionados.<br \/>\nEl autob\u00fas de la empresa \u201cCosta Line\u201d, impact\u00f3 por la parte trasera a un cami\u00f3n de carga que llevaba madera, sobre la carretera federal a la altura de la localidad de La Gloria, donde muri\u00f3 el operador del autob\u00fas.<br \/>\nLa unidad del transporte p\u00fablico con n\u00famero econ\u00f3mico 2028 y placas de circulaci\u00f3n del Servicio P\u00fabico Federal 039-HS-2, se impact\u00f3 de frente contra la parte trasera del cami\u00f3n de carga.<br \/>\nDe acuerdo con el director de Protecci\u00f3n Civil del gobierno municipal de Tecpan de Galeana, Francisco Lira Soto, el hecho ocurri\u00f3 la noche del mi\u00e9rcoles casi a las 22 horas y ah\u00ed muri\u00f3 el operador del autob\u00fas al quedar prensado y cinco pasajeros m\u00e1s resultaron con lesiones.<br \/>\nLos heridos fueron trasladados al hospital b\u00e1sico de esa localidad costera, entre los que est\u00e1n Noem\u00ed Ascencio Leyva de 33 a\u00f1os con heridas leves, Bartola S\u00e1nchez Oreg\u00f3n de 35, con luxaci\u00f3n de ambos tobillos.<br \/>\nAdem\u00e1s de Rogelio Pe\u00f1a \u00c1vila de 44 a\u00f1os originario del Estado de M\u00e9xico, con fractura de tibia y peron\u00e9. Tambi\u00e9n Jos\u00e9 Abarca Flores de 63 a\u00f1os, le diagnosticaron golpes y heridas contusas.<br \/>\nEn tanto el operador del autob\u00fas de la empresa \u201cCosta Line\u201d, falleci\u00f3 y se encuentra en calidad de desconocido, el resto de los pasajeros resultaron ilesos y los trasladaron en otra unidad.<br \/>\nFinalmente se inform\u00f3 que la unidad hab\u00eda salido del puerto de Zihuatanejo y ten\u00eda como destino Acapulco.<\/p>\n","protected":false},"excerpt":{"rendered":"<p>*Un autob\u00fas de pasajeros contra un cami\u00f3n de madera &nbsp; SNI, Acapulco, 20 de abril.- El choque de un autob\u00fas de pasajeros contra un cami\u00f3n que transportaba madera, en la&hellip; <\/p>\n","protected":false},"author":1,"featured_media":0,"comment_status":"open","ping_status":"open","sticky":false,"template":"","format":"standard","meta":{"fifu_image_url":"","fifu_image_alt":"","footnotes":""},"categories":[8,23],"tags":[],"class_list":["post-3657","post","type-post","status-publish","format-standard","hentry","category-featured","category-regionales"],"_links":{"self":[{"href":"https:\/\/www.interaccionnoticias.com.mx\/index.php?rest_route=\/wp\/v2\/posts\/3657","targetHints":{"allow":["GET"]}}],"collection":[{"href":"https:\/\/www.interaccionnoticias.com.mx\/index.php?rest_route=\/wp\/v2\/posts"}],"about":[{"href":"https:\/\/www.interaccionnoticias.com.mx\/index.php?rest_route=\/wp\/v2\/types\/post"}],"author":[{"embeddable":true,"href":"https:\/\/www.interaccionnoticias.com.mx\/index.php?rest_route=\/wp\/v2\/users\/1"}],"replies":[{"embeddable":true,"href":"https:\/\/www.interaccionnoticias.com.mx\/index.php?rest_route=%2Fwp%2Fv2%2Fcomments&post=3657"}],"version-history":[{"count":0,"href":"https:\/\/www.interaccionnoticias.com.mx\/index.php?rest_route=\/wp\/v2\/posts\/3657\/revisions"}],"wp:attachment":[{"href":"https:\/\/www.interaccionnoticias.com.mx\/index.php?rest_route=%2Fwp%2Fv2%2Fmedia&parent=3657"}],"wp:term":[{"taxonomy":"category","embeddable":true,"href":"https:\/\/www.interaccionnoticias.com.mx\/index.php?rest_route=%2Fwp%2Fv2%2Fcategories&post=3657"},{"taxonomy":"post_tag","embeddable":true,"href":"https:\/\/www.interaccionnoticias.com.mx\/index.php?rest_route=%2Fwp%2Fv2%2Ftags&post=3657"}],"curies":[{"name":"wp","href":"https:\/\/api.w.org\/{rel}","templated":true}]}}