{"id":36563,"date":"2021-08-29T21:00:14","date_gmt":"2021-08-30T02:00:14","guid":{"rendered":"http:\/\/www.inter-accion.com.mx\/?p=36563"},"modified":"2021-08-29T21:00:14","modified_gmt":"2021-08-30T02:00:14","slug":"36563","status":"publish","type":"post","link":"https:\/\/www.interaccionnoticias.com.mx\/?p=36563","title":{"rendered":"Corte carretero en Guerrero"},"content":{"rendered":"\n<p><em><strong>&#8211; Las intensas precipitaciones pluviales da\u00f1an la v\u00eda federal<br>&#8211; Incomunicadas Zihuatanejo-Coyuca de Catal\u00e1n<br>&#8211; Bloqueo en Papanoa por habitantes<\/strong><\/em><\/p>\n\n\n\n<p><strong>Javier Trujillo<\/strong><\/p>\n\n\n\n<p><strong>Acapulco, Gro.-<\/strong> La Secretar\u00eda de Protecci\u00f3n Civil, confirm\u00f3 un corte carretero en la v\u00eda federal Zihuatanejo-Coyuca de Catal\u00e1n, entre las regiones de la Costa Grande y Tierra Caliente en el estado de Guerrero.<\/p>\n\n\n\n<p>Lo anterior, debido a las lluvias registradas en las \u00faltimas horas, lo que provoc\u00f3 un corte en la carretera federal Zihuatanejo-Coyuca de Catal\u00e1n, cerca de la comunidad de Vallecitos, con lo que se impide el tr\u00e1nsito vehicular.<\/p>\n\n\n\n<p>En el lugar, ya se encuentra personal de la Polic\u00eda Estatal y se notific\u00f3 al personal de la delegaci\u00f3n de la Secretar\u00eda de Comunicaciones y Transportes (SCT), inform\u00f3 el Centro Estatal de Alertamiento de la SPC.<\/p>\n\n\n\n<p>Tambi\u00e9n se informa que en el tramo de Papanoa, habitantes de esta localidad, mantienen desde hace tres d\u00edas el cierre de la v\u00eda federal, para exigir al gobierno del estado que regularice unos predios de los pobladores de un asentamiento irregular.<\/p>\n\n\n\n<p>En tanto, en el punto conocido como El Calvario, municipio de Petatlan, el paso de los veh\u00edculos se hace lento por las condiciones del terreno.<\/p>\n","protected":false},"excerpt":{"rendered":"<p>&#8211; Las intensas precipitaciones pluviales da\u00f1an la v\u00eda federal&#8211; Incomunicadas Zihuatanejo-Coyuca de Catal\u00e1n&#8211; Bloqueo en Papanoa por habitantes Javier Trujillo Acapulco, Gro.- La Secretar\u00eda de Protecci\u00f3n Civil, confirm\u00f3 un corte&hellip; <\/p>\n","protected":false},"author":1,"featured_media":36564,"comment_status":"open","ping_status":"open","sticky":false,"template":"","format":"standard","meta":{"fifu_image_url":"","fifu_image_alt":"","footnotes":""},"categories":[9],"tags":[],"class_list":["post-36563","post","type-post","status-publish","format-standard","has-post-thumbnail","hentry","category-fenomenos-naturales"],"_links":{"self":[{"href":"https:\/\/www.interaccionnoticias.com.mx\/index.php?rest_route=\/wp\/v2\/posts\/36563","targetHints":{"allow":["GET"]}}],"collection":[{"href":"https:\/\/www.interaccionnoticias.com.mx\/index.php?rest_route=\/wp\/v2\/posts"}],"about":[{"href":"https:\/\/www.interaccionnoticias.com.mx\/index.php?rest_route=\/wp\/v2\/types\/post"}],"author":[{"embeddable":true,"href":"https:\/\/www.interaccionnoticias.com.mx\/index.php?rest_route=\/wp\/v2\/users\/1"}],"replies":[{"embeddable":true,"href":"https:\/\/www.interaccionnoticias.com.mx\/index.php?rest_route=%2Fwp%2Fv2%2Fcomments&post=36563"}],"version-history":[{"count":0,"href":"https:\/\/www.interaccionnoticias.com.mx\/index.php?rest_route=\/wp\/v2\/posts\/36563\/revisions"}],"wp:featuredmedia":[{"embeddable":true,"href":"https:\/\/www.interaccionnoticias.com.mx\/index.php?rest_route=\/wp\/v2\/media\/36564"}],"wp:attachment":[{"href":"https:\/\/www.interaccionnoticias.com.mx\/index.php?rest_route=%2Fwp%2Fv2%2Fmedia&parent=36563"}],"wp:term":[{"taxonomy":"category","embeddable":true,"href":"https:\/\/www.interaccionnoticias.com.mx\/index.php?rest_route=%2Fwp%2Fv2%2Fcategories&post=36563"},{"taxonomy":"post_tag","embeddable":true,"href":"https:\/\/www.interaccionnoticias.com.mx\/index.php?rest_route=%2Fwp%2Fv2%2Ftags&post=36563"}],"curies":[{"name":"wp","href":"https:\/\/api.w.org\/{rel}","templated":true}]}}