{"id":36544,"date":"2021-08-28T11:32:20","date_gmt":"2021-08-28T16:32:20","guid":{"rendered":"http:\/\/www.inter-accion.com.mx\/?p=36544"},"modified":"2021-08-28T11:32:20","modified_gmt":"2021-08-28T16:32:20","slug":"36544","status":"publish","type":"post","link":"https:\/\/www.interaccionnoticias.com.mx\/?p=36544","title":{"rendered":"V\u00edctima de Covid-19, muere Guadalupe Rodr\u00edguez, buscadora de desaparecidos"},"content":{"rendered":"\n<p><strong><em>&#8211; No pudo encontrar a su hijo, desaparecido en junio de 2014<\/em><\/strong><\/p>\n\n\n\n<p><strong>Rogelio Agust\u00edn<\/strong><\/p>\n\n\n\n<p>V\u00edctima de Covid-19, la se\u00f1ora Guadalupe Rodr\u00edguez Narciso, vocera del Colectivo de familiares de desaparecidos del Estado de Guerrero y el pa\u00eds, muri\u00f3 la noche del viernes 27 de agosto, no logr\u00f3 encontrar a su hijo Josu\u00e9 Molina Rodr\u00edguez, de quien no tuvo informaci\u00f3n desde el 4 de junio de 2014.<\/p>\n\n\n\n<p>La se\u00f1ora Rodr\u00edguez Narciso encabez\u00f3 al colectivo desde su conformaci\u00f3n en la capital del estado de Guerrero, luego de que el movimiento impulsado por los padres de los 43 normalistas de Ayotzinapa motivara la creaci\u00f3n de organizaciones similares en Iguala y Acapulco.<\/p>\n\n\n\n<p>Sus compa\u00f1eras de organizaci\u00f3n reportaron a principios de agosto que la se\u00f1ora se hab\u00eda contagiado de Covid-19, tras acudir a realizar varias diligencias en oficinas de la Fiscal\u00eda General de la Rep\u00fablica (FGR).<\/p>\n\n\n\n<p>De hecho, en julio pasado acudi\u00f3 a diferentes medios de comunicaci\u00f3n para hacer un llamado a familias de personas desaparecidas para realizarse estudios de ADN y permitir con ello la identificaci\u00f3n de restos humanos que a\u00fan se encuentran sin identificar.<\/p>\n\n\n\n<p>En las \u00faltimas dos semanas su estado de salud se complic\u00f3 y fue trasladada hacia el hospital general de la ciudad de Iguala, donde se tiene habilitada una unidad especial para atender casos de Covid-19.<\/p>\n\n\n\n<p>La noche del 27 de agosto, despu\u00e9s de varios d\u00edas en condiciones cr\u00edticas, la familia de la se\u00f1ora Rodr\u00edguez Narciso confirm\u00f3 su deceso.<\/p>\n","protected":false},"excerpt":{"rendered":"<p>&#8211; No pudo encontrar a su hijo, desaparecido en junio de 2014 Rogelio Agust\u00edn V\u00edctima de Covid-19, la se\u00f1ora Guadalupe Rodr\u00edguez Narciso, vocera del Colectivo de familiares de desaparecidos del&hellip; <\/p>\n","protected":false},"author":1,"featured_media":36545,"comment_status":"open","ping_status":"open","sticky":false,"template":"","format":"standard","meta":{"fifu_image_url":"","fifu_image_alt":"","footnotes":""},"categories":[3],"tags":[],"class_list":["post-36544","post","type-post","status-publish","format-standard","has-post-thumbnail","hentry","category-covid-19"],"_links":{"self":[{"href":"https:\/\/www.interaccionnoticias.com.mx\/index.php?rest_route=\/wp\/v2\/posts\/36544","targetHints":{"allow":["GET"]}}],"collection":[{"href":"https:\/\/www.interaccionnoticias.com.mx\/index.php?rest_route=\/wp\/v2\/posts"}],"about":[{"href":"https:\/\/www.interaccionnoticias.com.mx\/index.php?rest_route=\/wp\/v2\/types\/post"}],"author":[{"embeddable":true,"href":"https:\/\/www.interaccionnoticias.com.mx\/index.php?rest_route=\/wp\/v2\/users\/1"}],"replies":[{"embeddable":true,"href":"https:\/\/www.interaccionnoticias.com.mx\/index.php?rest_route=%2Fwp%2Fv2%2Fcomments&post=36544"}],"version-history":[{"count":0,"href":"https:\/\/www.interaccionnoticias.com.mx\/index.php?rest_route=\/wp\/v2\/posts\/36544\/revisions"}],"wp:featuredmedia":[{"embeddable":true,"href":"https:\/\/www.interaccionnoticias.com.mx\/index.php?rest_route=\/wp\/v2\/media\/36545"}],"wp:attachment":[{"href":"https:\/\/www.interaccionnoticias.com.mx\/index.php?rest_route=%2Fwp%2Fv2%2Fmedia&parent=36544"}],"wp:term":[{"taxonomy":"category","embeddable":true,"href":"https:\/\/www.interaccionnoticias.com.mx\/index.php?rest_route=%2Fwp%2Fv2%2Fcategories&post=36544"},{"taxonomy":"post_tag","embeddable":true,"href":"https:\/\/www.interaccionnoticias.com.mx\/index.php?rest_route=%2Fwp%2Fv2%2Ftags&post=36544"}],"curies":[{"name":"wp","href":"https:\/\/api.w.org\/{rel}","templated":true}]}}