{"id":36535,"date":"2021-08-26T11:53:31","date_gmt":"2021-08-26T16:53:31","guid":{"rendered":"http:\/\/www.inter-accion.com.mx\/?p=36535"},"modified":"2021-08-26T11:53:31","modified_gmt":"2021-08-26T16:53:31","slug":"36535","status":"publish","type":"post","link":"https:\/\/www.interaccionnoticias.com.mx\/?p=36535","title":{"rendered":"Guerrero en alerta por proximidad de huracanes"},"content":{"rendered":"\n<p><strong><em>Se instala el Consejo Estatal de Protecci\u00f3n Civil<\/em><\/strong><\/p>\n\n\n\n<p><strong>Rogelio Agust\u00edn<\/strong><\/p>\n\n\n\n<p>CHILPANCINGO, GRO., 26 de agosto, 2021- Ante la proximidad de huracanes, este mi\u00e9rcoles se instal\u00f3 en Guerrero el Consejo Estatal de Protecci\u00f3n Civil y desde la Mesa Estatal para la Construcci\u00f3 de la Paz se hizo el llamado para que la poblaci\u00f3n civil se mantenga alerta.<\/p>\n\n\n\n<p>La decisi\u00f3n se tom\u00f3 durante la sesi\u00f3n de la Mesa Central para la Construcci\u00f3n de la Paz, en un acuerdo entre el gobernador H\u00e9ctor Astudillo Flores con autoridades civiles y militares, ante la proximidad de fen\u00f3menos naturales en la temporada de Ciclones y Huracanes 2021.<br \/>Lo anterior, derivado del paso de la depresi\u00f3n tropical 14-E, el Gobernador H\u00e9ctor Astudillo Flores encabez\u00f3 la sesi\u00f3n extraordinaria del Consejo Estatal de Protecci\u00f3n Civil Guerrero con las autoridades de la Mesa de Coordinaci\u00f3n para la Construcci\u00f3n de la Paz y declar\u00f3 instalada de manera oficial el Consejo Estatal de Protecci\u00f3n Civil.<br \/>Dicho consejo cuenta con la participaci\u00f3n de la SEDENA, Marina, Guardia Nacional, funcionarios del Gobierno del Estado, as\u00ed como las presidentas y presidentes de los municipios de la Costa Grande, Acapulco y Costa Chica.<\/p>\n\n\n\n<p>\u00abA todos las y los presidentes municipales me parece muy importante que registren que estamos en esta temporada que puede traer lluvias m\u00e1s intensas de lo que se han presentado, de mi parte, procedo a declarar este Comit\u00e9 Estatal de Protecci\u00f3n Civil, con la presencia de los presidentes municipales de la Costa Grande, Acapulco y Costa Chica pidi\u00e9ndoles que estemos todos muy atentos\u00bb, expres\u00f3 Astudillo Flores.<\/p>\n\n\n\n<p>El Consejo Estatal de Protecci\u00f3n Civil qued\u00f3 formalmente instalado por el Gobernador H\u00e9ctor Astudillo Flores, luego de exponer las condiciones climatol\u00f3gicas del Estado por el meteor\u00f3logo Roel Ayala Mata, quien inform\u00f3 la trayectoria que mantiene la depresi\u00f3n tropical 14-E que se encuentra cercana al estado de Guerrero, continuando su evoluci\u00f3n en las pr\u00f3ximas horas.<\/p>\n\n\n\n<p>Ante esta situaci\u00f3n, el Gobernador H\u00e9ctor Astudillo Flores llam\u00f3 a la poblaci\u00f3n a mantenerse alerta y atentos a la informaci\u00f3n que se brinde de las autoridades oficiales en materia de Protecci\u00f3n Civil, mientras que Ayala Mata, puntualiz\u00f3 que el mes de septiembre se espera una Influencia al territorio de Guerrero, mucho mayor de los sistemas propios de la temporada, incluyendo los ciclones tropicales.<\/p>\n","protected":false},"excerpt":{"rendered":"<p>Se instala el Consejo Estatal de Protecci\u00f3n Civil Rogelio Agust\u00edn CHILPANCINGO, GRO., 26 de agosto, 2021- Ante la proximidad de huracanes, este mi\u00e9rcoles se instal\u00f3 en Guerrero el Consejo Estatal&hellip; <\/p>\n","protected":false},"author":1,"featured_media":36537,"comment_status":"open","ping_status":"open","sticky":false,"template":"","format":"standard","meta":{"fifu_image_url":"","fifu_image_alt":"","footnotes":""},"categories":[9],"tags":[],"class_list":["post-36535","post","type-post","status-publish","format-standard","has-post-thumbnail","hentry","category-fenomenos-naturales"],"_links":{"self":[{"href":"https:\/\/www.interaccionnoticias.com.mx\/index.php?rest_route=\/wp\/v2\/posts\/36535","targetHints":{"allow":["GET"]}}],"collection":[{"href":"https:\/\/www.interaccionnoticias.com.mx\/index.php?rest_route=\/wp\/v2\/posts"}],"about":[{"href":"https:\/\/www.interaccionnoticias.com.mx\/index.php?rest_route=\/wp\/v2\/types\/post"}],"author":[{"embeddable":true,"href":"https:\/\/www.interaccionnoticias.com.mx\/index.php?rest_route=\/wp\/v2\/users\/1"}],"replies":[{"embeddable":true,"href":"https:\/\/www.interaccionnoticias.com.mx\/index.php?rest_route=%2Fwp%2Fv2%2Fcomments&post=36535"}],"version-history":[{"count":0,"href":"https:\/\/www.interaccionnoticias.com.mx\/index.php?rest_route=\/wp\/v2\/posts\/36535\/revisions"}],"wp:featuredmedia":[{"embeddable":true,"href":"https:\/\/www.interaccionnoticias.com.mx\/index.php?rest_route=\/wp\/v2\/media\/36537"}],"wp:attachment":[{"href":"https:\/\/www.interaccionnoticias.com.mx\/index.php?rest_route=%2Fwp%2Fv2%2Fmedia&parent=36535"}],"wp:term":[{"taxonomy":"category","embeddable":true,"href":"https:\/\/www.interaccionnoticias.com.mx\/index.php?rest_route=%2Fwp%2Fv2%2Fcategories&post=36535"},{"taxonomy":"post_tag","embeddable":true,"href":"https:\/\/www.interaccionnoticias.com.mx\/index.php?rest_route=%2Fwp%2Fv2%2Ftags&post=36535"}],"curies":[{"name":"wp","href":"https:\/\/api.w.org\/{rel}","templated":true}]}}