{"id":36510,"date":"2021-08-24T21:56:35","date_gmt":"2021-08-25T02:56:35","guid":{"rendered":"http:\/\/www.inter-accion.com.mx\/?p=36510"},"modified":"2021-08-24T21:56:35","modified_gmt":"2021-08-25T02:56:35","slug":"36510","status":"publish","type":"post","link":"https:\/\/www.interaccionnoticias.com.mx\/?p=36510","title":{"rendered":"San Miguel Totolapan decide no regresar a clases presenciales"},"content":{"rendered":"\n<p><strong><em>&#8211; Pese a estar entre los 17 municipios considerados por la SEP<\/em><\/strong><\/p>\n\n\n\n<p><strong>Rogelio Agust\u00edn<\/strong><\/p>\n\n\n\n<p>El alcalde de San Miguel Totolapan aclar\u00f3 que dicho municipio no regresar\u00e1 a clases presenciales el 30 de agosto, pese a que se encuentra consiserado entre las 17 demarcaciones que s\u00ed lo har\u00e1n, de acuerdo con la Secretar\u00eda de Educaci\u00f3n Guerrero (SEG).<\/p>\n\n\n\n<p>Juan Mendoza Acosta, primer edil de San Miguel Totolapan, inform\u00f3 que hay un acuerdo con las autoridades Educativas de dicho municipio, ubicado en la Tierra Caliente, en el sentido de \u00abno regresar a clases presenciales en un periodo de dos semanas\u00bb.<\/p>\n\n\n\n<p>Manifest\u00f3 que el d\u00eda 7 de septiembre habr\u00e1 una reuni\u00f3n en la que se analizar\u00e1 la situaci\u00f3n que prevalece en materia de contagios y \u00abcon base a ella se determinar\u00e1 de la modalidad de las clases escolares\u00bb.<\/p>\n\n\n\n<p>Precis\u00f3 que las medidas contemplan no afectar la salud de la poblaci\u00f3n y tambi\u00e9n proteger la econom\u00eda de los negocios, para mantenerse en nivel regular de contagios, a diferencia de otros municipios que se dispararon.<\/p>\n\n\n\n<p>\u00abRegresar a clases presenciales cambiar\u00eda nuestra situaci\u00f3n, es por eso que debemos cuidar nuestras acciones\u00bb, advirti\u00f3 Mendoza Acosta.<\/p>\n\n\n\n<p>Explic\u00f3: \u00abNos contemplan como municipio aprobado para regreso a clases, por la informaci\u00f3n de la primera semana de pruebas de Covid-19, donde solo arroj\u00f3 5 positivos, posteriormente est\u00e1s cifras aumentaron, gracias a la vacunaci\u00f3n el n\u00famero de decesos no es elevado, pero sigue circulando un n\u00famero importante de contagios\u00bb.<\/p>\n\n\n\n<p>En consecuencia, dijo que comparte la preocupaci\u00f3n de los profesores de las escuelas Totolapenses, por lo que respalda la decisi\u00f3n asumida.<\/p>\n\n\n\n<p>Agrega: \u00abEl Gobierno Federal, y Estatal, exigen el regreso a clases sin contemplar casi dos a\u00f1os de deterioro inmobiliario, reparaci\u00f3n de bombas de agua, puertas, mesas, butacas, remoci\u00f3n de maleza, techos, luminarias, sumado a esto la necesaria presencia de term\u00f3metros fijos, gel o alcohol antibacterial, tapetes sanitarios, cubrebocas, y transfiriendo este gasto a profesores y padres de familia\u00bb, plantea a manera de reproche<\/p>\n\n\n\n<p>Tambi\u00e9n se\u00f1ala que es preocupante las malas condiciones que dej\u00f3 la pandemia en el terreno econ\u00f3mico, pues en su caso, el dinero est\u00e1 etiquetado y no se contempla para uso de est\u00e1 pandemia.<\/p>\n\n\n\n<p>Sin embargo, refiere que por ese motivo ha dejado de apoyar, pero aclara: \u00abno me es posible cubrir todas las escuelas del municipio aunado que me queda un mes en funciones para entregar el cargo de presidente municipal\u00bb.<\/p>\n","protected":false},"excerpt":{"rendered":"<p>&#8211; Pese a estar entre los 17 municipios considerados por la SEP Rogelio Agust\u00edn El alcalde de San Miguel Totolapan aclar\u00f3 que dicho municipio no regresar\u00e1 a clases presenciales el&hellip; <\/p>\n","protected":false},"author":1,"featured_media":36511,"comment_status":"open","ping_status":"open","sticky":false,"template":"","format":"standard","meta":{"fifu_image_url":"","fifu_image_alt":"","footnotes":""},"categories":[6],"tags":[],"class_list":["post-36510","post","type-post","status-publish","format-standard","has-post-thumbnail","hentry","category-educacion"],"_links":{"self":[{"href":"https:\/\/www.interaccionnoticias.com.mx\/index.php?rest_route=\/wp\/v2\/posts\/36510","targetHints":{"allow":["GET"]}}],"collection":[{"href":"https:\/\/www.interaccionnoticias.com.mx\/index.php?rest_route=\/wp\/v2\/posts"}],"about":[{"href":"https:\/\/www.interaccionnoticias.com.mx\/index.php?rest_route=\/wp\/v2\/types\/post"}],"author":[{"embeddable":true,"href":"https:\/\/www.interaccionnoticias.com.mx\/index.php?rest_route=\/wp\/v2\/users\/1"}],"replies":[{"embeddable":true,"href":"https:\/\/www.interaccionnoticias.com.mx\/index.php?rest_route=%2Fwp%2Fv2%2Fcomments&post=36510"}],"version-history":[{"count":0,"href":"https:\/\/www.interaccionnoticias.com.mx\/index.php?rest_route=\/wp\/v2\/posts\/36510\/revisions"}],"wp:featuredmedia":[{"embeddable":true,"href":"https:\/\/www.interaccionnoticias.com.mx\/index.php?rest_route=\/wp\/v2\/media\/36511"}],"wp:attachment":[{"href":"https:\/\/www.interaccionnoticias.com.mx\/index.php?rest_route=%2Fwp%2Fv2%2Fmedia&parent=36510"}],"wp:term":[{"taxonomy":"category","embeddable":true,"href":"https:\/\/www.interaccionnoticias.com.mx\/index.php?rest_route=%2Fwp%2Fv2%2Fcategories&post=36510"},{"taxonomy":"post_tag","embeddable":true,"href":"https:\/\/www.interaccionnoticias.com.mx\/index.php?rest_route=%2Fwp%2Fv2%2Ftags&post=36510"}],"curies":[{"name":"wp","href":"https:\/\/api.w.org\/{rel}","templated":true}]}}