{"id":36505,"date":"2021-08-24T20:07:03","date_gmt":"2021-08-25T01:07:03","guid":{"rendered":"http:\/\/www.inter-accion.com.mx\/?p=36505"},"modified":"2021-08-24T20:07:03","modified_gmt":"2021-08-25T01:07:03","slug":"36505","status":"publish","type":"post","link":"https:\/\/www.interaccionnoticias.com.mx\/?p=36505","title":{"rendered":"Obispo Salvador Rangel recibir\u00e1 la presea Sentimientos del Pueblo"},"content":{"rendered":"\n<p><strong><em>&#8211; Desde el 2007, la distinci\u00f3n la otorgan las organizaciones sociales, en el marco de la declaratoria de los Sentimientos de la\u00a0 Naci\u00f3n<\/em><\/strong><\/p>\n\n\n\n<p><strong>Vianey Ponce<\/strong><\/p>\n\n\n\n<p>Por su labor en la pac\u00edficaci\u00f3n del estado, el Obispo Salvador Rangel Mendoza fue postulado por las organizaciones sociales&nbsp; como recipiendario de la presea Popular Sentimientos del Pueblo, la cual ser\u00e1 entregada el pr\u00f3ximo 13 de septiembre.<\/p>\n\n\n\n<p>Desde el 2007, cuando se neg\u00f3 la Presea Sentimientos de la Naci\u00f3n, entregada por el Congreso del estado al luchador social Pablo Sandoval Cruz, las organizaciones entregan dicha distinci\u00f3n a quienes contribuyen en la lucha social, encabezan una causa o atraen beneficio para la entidad.<\/p>\n\n\n\n<p>La tarde del martes 24 de agosto, una representaci\u00f3n de la Asamblea Popular del Pueblos de Guerrero (APPG) y de la Direcci\u00f3n Colectiva de Organizaciones Sociales, Civiles y Estudiantiles y Sindicatos (DCOSCES), encabezados por el profesor Nicolas Ch\u00e1vez Adame y Ra\u00fal Najera, entregaron la invitaci\u00f3n por escrito al representante de la iglesia cat\u00f3lica del estado para este a\u00f1o acepte recibir la presea.<\/p>\n\n\n\n<p>El acto protocolario se realiz\u00f3 en el domicilio del Obispo, ubicado en la parte norte de la ciudad.<\/p>\n\n\n\n<p>Ah\u00ed, el l\u00edder religioso agradeci\u00f3 el ofrecimiento y expreso: \u00abYo recibo esto no como distinci\u00f3n ni honor, sino para sumarme a la lucha pasada, presente y las que pueden venir despu\u00e9s\u00bb.<\/p>\n\n\n\n<p>Ch\u00e1vez Adame subray\u00f3 que a lo largo de los a\u00f1os, el Obispo de la di\u00f3cesis Chilpancingo-Chilapa ha transmitido la f\u00e9, el amor a Dios y al pr\u00f3jimo.<\/p>\n\n\n\n<p>Record\u00f3 que esta presea no es una celebraci\u00f3n sino un acto \u00abque reivindica la dignidad de los guerrenses, que han luchado y entregado su vida por la defensa de los m\u00e1s necesitados y vulnerables\u00bb, en honor a la memoria hist\u00f3rica de los presos pol\u00edticos, luchadores sociales, que han sido asesinados, desaparecidos y encarcelados.<\/p>\n\n\n\n<p>Refiri\u00f3: \u00abNo es el valor de la plata sino de la gran calidad moral de la resistencia en la lucha social\u00bb.<\/p>\n\n\n\n<p>La presea Sentimientos del Pueblo ser\u00e1 elaborada por los Mineros de la secci\u00f3n 17 de Taxco y ser\u00e1 entregada al Obispo Salvador Rangel el pr\u00f3ximo 13 de septiembre.<\/p>\n","protected":false},"excerpt":{"rendered":"<p>&#8211; Desde el 2007, la distinci\u00f3n la otorgan las organizaciones sociales, en el marco de la declaratoria de los Sentimientos de la\u00a0 Naci\u00f3n Vianey Ponce Por su labor en la&hellip; <\/p>\n","protected":false},"author":1,"featured_media":36506,"comment_status":"open","ping_status":"open","sticky":false,"template":"","format":"standard","meta":{"fifu_image_url":"","fifu_image_alt":"","footnotes":""},"categories":[15],"tags":[],"class_list":["post-36505","post","type-post","status-publish","format-standard","has-post-thumbnail","hentry","category-movimientos-sociales"],"_links":{"self":[{"href":"https:\/\/www.interaccionnoticias.com.mx\/index.php?rest_route=\/wp\/v2\/posts\/36505","targetHints":{"allow":["GET"]}}],"collection":[{"href":"https:\/\/www.interaccionnoticias.com.mx\/index.php?rest_route=\/wp\/v2\/posts"}],"about":[{"href":"https:\/\/www.interaccionnoticias.com.mx\/index.php?rest_route=\/wp\/v2\/types\/post"}],"author":[{"embeddable":true,"href":"https:\/\/www.interaccionnoticias.com.mx\/index.php?rest_route=\/wp\/v2\/users\/1"}],"replies":[{"embeddable":true,"href":"https:\/\/www.interaccionnoticias.com.mx\/index.php?rest_route=%2Fwp%2Fv2%2Fcomments&post=36505"}],"version-history":[{"count":0,"href":"https:\/\/www.interaccionnoticias.com.mx\/index.php?rest_route=\/wp\/v2\/posts\/36505\/revisions"}],"wp:featuredmedia":[{"embeddable":true,"href":"https:\/\/www.interaccionnoticias.com.mx\/index.php?rest_route=\/wp\/v2\/media\/36506"}],"wp:attachment":[{"href":"https:\/\/www.interaccionnoticias.com.mx\/index.php?rest_route=%2Fwp%2Fv2%2Fmedia&parent=36505"}],"wp:term":[{"taxonomy":"category","embeddable":true,"href":"https:\/\/www.interaccionnoticias.com.mx\/index.php?rest_route=%2Fwp%2Fv2%2Fcategories&post=36505"},{"taxonomy":"post_tag","embeddable":true,"href":"https:\/\/www.interaccionnoticias.com.mx\/index.php?rest_route=%2Fwp%2Fv2%2Ftags&post=36505"}],"curies":[{"name":"wp","href":"https:\/\/api.w.org\/{rel}","templated":true}]}}