{"id":36470,"date":"2021-08-24T17:05:05","date_gmt":"2021-08-24T22:05:05","guid":{"rendered":"http:\/\/www.inter-accion.com.mx\/?p=36470"},"modified":"2021-08-24T17:05:05","modified_gmt":"2021-08-24T22:05:05","slug":"36470","status":"publish","type":"post","link":"https:\/\/www.interaccionnoticias.com.mx\/?p=36470","title":{"rendered":"Futbolistas denunciaron falta de apoyo para acudir a una justa nacional"},"content":{"rendered":"\n<p><strong>Rosario Garc\u00eda Orozco<\/strong><\/p>\n\n\n\n<p><strong><em>Chilpancingo, Gro., 24 de agosto del 2021.-<\/em><\/strong> Un grupo de deportistas se manifestaron en el acceso principal de Casa Guerrero para solicitar al gobierno estatal su apoyo econ\u00f3mico para participar en el Torneo Nacional de F\u00fatbol para Mayores representando al estado.<\/p>\n\n\n\n<p>Manuel V\u00e1zquez, director t\u00e9cnico de la selecci\u00f3n en la categor\u00eda de mayores de 60 a\u00f1os, inform\u00f3 que desde el 26 de julio entregaron en la oficina del gobernador un documento solicitando apoyo para vi\u00e1ticos del representativo, adem\u00e1s de una audiencia con el mandatario en el que se hiciera el abanderamiento de los deportistas.<\/p>\n\n\n\n<p>Los veteranos lamentaron que el gobierno del estado no ha respondido a la petici\u00f3n que le hicieron, \u201cy extraoficialmente nos comentan que no hay dinero, porque el gobierno ya est\u00e1 entregando y que la pandemia no permite apoyar, pero por escrito no nos quieren responder\u201d.<\/p>\n\n\n\n<p>El torneo en el que participar\u00e1n como representantes de Guerrero, se llevar\u00e1 a cabo en Puerto Vallarta, Jalisco, del 10 al 12 de septiembre y participan equipos de toda la rep\u00fablica as\u00ed como invitados de Estados Unidos y Canad\u00e1.<\/p>\n\n\n\n<p>Agreg\u00f3 que en la competencia nacional participar\u00e1n muchos exjugadores profesionales que est\u00e1n en el retiro pro su avanzada edad, ya que se juega en categor\u00edas de 55, 60 y 65 a\u00f1os.<\/p>\n\n\n\n<p>Los deportistas veteranos se instalaron en las vallas afuera de la residencia oficial de Casa Guerrero y advirtieron que en caso de que no reciban una respuesta positiva a su petici\u00f3n, extender\u00e1n su movilizaci\u00f3n y van a bloquear calles y avenidas de la ciudad capital, como medida de presi\u00f3n.<\/p>\n","protected":false},"excerpt":{"rendered":"<p>Rosario Garc\u00eda Orozco Chilpancingo, Gro., 24 de agosto del 2021.- Un grupo de deportistas se manifestaron en el acceso principal de Casa Guerrero para solicitar al gobierno estatal su apoyo&hellip; <\/p>\n","protected":false},"author":1,"featured_media":36474,"comment_status":"open","ping_status":"open","sticky":false,"template":"","format":"standard","meta":{"fifu_image_url":"","fifu_image_alt":"","footnotes":""},"categories":[29],"tags":[],"class_list":["post-36470","post","type-post","status-publish","format-standard","has-post-thumbnail","hentry","category-sociedad"],"_links":{"self":[{"href":"https:\/\/www.interaccionnoticias.com.mx\/index.php?rest_route=\/wp\/v2\/posts\/36470","targetHints":{"allow":["GET"]}}],"collection":[{"href":"https:\/\/www.interaccionnoticias.com.mx\/index.php?rest_route=\/wp\/v2\/posts"}],"about":[{"href":"https:\/\/www.interaccionnoticias.com.mx\/index.php?rest_route=\/wp\/v2\/types\/post"}],"author":[{"embeddable":true,"href":"https:\/\/www.interaccionnoticias.com.mx\/index.php?rest_route=\/wp\/v2\/users\/1"}],"replies":[{"embeddable":true,"href":"https:\/\/www.interaccionnoticias.com.mx\/index.php?rest_route=%2Fwp%2Fv2%2Fcomments&post=36470"}],"version-history":[{"count":0,"href":"https:\/\/www.interaccionnoticias.com.mx\/index.php?rest_route=\/wp\/v2\/posts\/36470\/revisions"}],"wp:featuredmedia":[{"embeddable":true,"href":"https:\/\/www.interaccionnoticias.com.mx\/index.php?rest_route=\/wp\/v2\/media\/36474"}],"wp:attachment":[{"href":"https:\/\/www.interaccionnoticias.com.mx\/index.php?rest_route=%2Fwp%2Fv2%2Fmedia&parent=36470"}],"wp:term":[{"taxonomy":"category","embeddable":true,"href":"https:\/\/www.interaccionnoticias.com.mx\/index.php?rest_route=%2Fwp%2Fv2%2Fcategories&post=36470"},{"taxonomy":"post_tag","embeddable":true,"href":"https:\/\/www.interaccionnoticias.com.mx\/index.php?rest_route=%2Fwp%2Fv2%2Ftags&post=36470"}],"curies":[{"name":"wp","href":"https:\/\/api.w.org\/{rel}","templated":true}]}}