{"id":36438,"date":"2021-08-23T17:05:34","date_gmt":"2021-08-23T22:05:34","guid":{"rendered":"http:\/\/www.inter-accion.com.mx\/?p=36438"},"modified":"2021-08-23T17:05:34","modified_gmt":"2021-08-23T22:05:34","slug":"36438","status":"publish","type":"post","link":"https:\/\/www.interaccionnoticias.com.mx\/?p=36438","title":{"rendered":"Panteones cerrados en Chilpancingo hasta el 5 de septiembre por sem\u00e1foro rojo"},"content":{"rendered":"\n<p><strong>Chilpancingo, Guerrero, a 23 de agosto del 2021.-<\/strong> El Administrador del pante\u00f3n central de Chilpancingo, Cen\u00f3n Dircio Castro, inform\u00f3 que los panteones continuar\u00e1n cerrados hasta el 5 de septiembre, debido a que en la entidad contin\u00faa en sem\u00e1foro epidemiol\u00f3gico en color rojo.<\/p>\n\n\n\n<p>Dircio Castro coment\u00f3 que \u00e9sta es una recomendaci\u00f3n estipulada en el decreto publicado en el Peri\u00f3dico Oficial del Gobierno del Estado de Guerrero, donde se indica que los panteones permanecer\u00e1n cerrados con la finalidad de evitar aglomeraciones de personas, y con ello evitar m\u00e1s casos positivos por COVID-19.<\/p>\n\n\n\n<p>El administrador indic\u00f3 que solo se permitir\u00e1n los servicios de inhumaci\u00f3n, nueve d\u00edas, cuarenta d\u00edas, cenizas y aniversarios, mismos donde no podr\u00e1n acudir m\u00e1s de 15 personas.<\/p>\n\n\n\n<p>Finalmente, el funcionario municipal hizo un llamado a la ciudadan\u00eda a la consciencia y a evitar molestarse por esta decisi\u00f3n, puesto a que lo \u00fanico que se busca es cuidar la salud de los chilpancingue\u00f1os.<\/p>\n","protected":false},"excerpt":{"rendered":"<p>Chilpancingo, Guerrero, a 23 de agosto del 2021.- El Administrador del pante\u00f3n central de Chilpancingo, Cen\u00f3n Dircio Castro, inform\u00f3 que los panteones continuar\u00e1n cerrados hasta el 5 de septiembre, debido&hellip; <\/p>\n","protected":false},"author":1,"featured_media":36439,"comment_status":"open","ping_status":"open","sticky":false,"template":"","format":"standard","meta":{"fifu_image_url":"","fifu_image_alt":"","footnotes":""},"categories":[13],"tags":[],"class_list":["post-36438","post","type-post","status-publish","format-standard","has-post-thumbnail","hentry","category-capital"],"_links":{"self":[{"href":"https:\/\/www.interaccionnoticias.com.mx\/index.php?rest_route=\/wp\/v2\/posts\/36438","targetHints":{"allow":["GET"]}}],"collection":[{"href":"https:\/\/www.interaccionnoticias.com.mx\/index.php?rest_route=\/wp\/v2\/posts"}],"about":[{"href":"https:\/\/www.interaccionnoticias.com.mx\/index.php?rest_route=\/wp\/v2\/types\/post"}],"author":[{"embeddable":true,"href":"https:\/\/www.interaccionnoticias.com.mx\/index.php?rest_route=\/wp\/v2\/users\/1"}],"replies":[{"embeddable":true,"href":"https:\/\/www.interaccionnoticias.com.mx\/index.php?rest_route=%2Fwp%2Fv2%2Fcomments&post=36438"}],"version-history":[{"count":0,"href":"https:\/\/www.interaccionnoticias.com.mx\/index.php?rest_route=\/wp\/v2\/posts\/36438\/revisions"}],"wp:featuredmedia":[{"embeddable":true,"href":"https:\/\/www.interaccionnoticias.com.mx\/index.php?rest_route=\/wp\/v2\/media\/36439"}],"wp:attachment":[{"href":"https:\/\/www.interaccionnoticias.com.mx\/index.php?rest_route=%2Fwp%2Fv2%2Fmedia&parent=36438"}],"wp:term":[{"taxonomy":"category","embeddable":true,"href":"https:\/\/www.interaccionnoticias.com.mx\/index.php?rest_route=%2Fwp%2Fv2%2Fcategories&post=36438"},{"taxonomy":"post_tag","embeddable":true,"href":"https:\/\/www.interaccionnoticias.com.mx\/index.php?rest_route=%2Fwp%2Fv2%2Ftags&post=36438"}],"curies":[{"name":"wp","href":"https:\/\/api.w.org\/{rel}","templated":true}]}}