{"id":36425,"date":"2021-08-23T15:26:06","date_gmt":"2021-08-23T20:26:06","guid":{"rendered":"http:\/\/www.inter-accion.com.mx\/?p=36425"},"modified":"2021-08-23T15:26:06","modified_gmt":"2021-08-23T20:26:06","slug":"36425","status":"publish","type":"post","link":"https:\/\/www.interaccionnoticias.com.mx\/?p=36425","title":{"rendered":"Colonos instalan \u00abret\u00e9n Informativo\u00bb en la Autopista del Sol\u201d"},"content":{"rendered":"\n<p><em><strong>&#8211; Exigen la presentaci\u00f3n con vida de dirigente social y exigen la rehabilitaci\u00f3n de 700 viviendas<\/strong><\/em><\/p>\n\n\n\n<p><strong>Jes\u00fas Dorantes<\/strong><\/p>\n\n\n\n<p><strong>Chilpancingo, Gro.-<\/strong> Habitantes del fraccionamiento Nuevo Mirador instalaron un ret\u00e9n informativo en el sentido sur-norte de la Autopista del Sol, exigen la presentaci\u00f3n del dirigente social Vicente Suastegui Mu\u00f1oz y la rehabilitaci\u00f3n de 700 viviendas afectadas por las lluvias.<\/p>\n\n\n\n<p>Durante la ma\u00f1ana del lunes, cerca de 30 vecinos de dicho asentamiento humano, as\u00ed como integrantes de la Direcci\u00f3n Colectiva de Organizaciones Sociales, Civiles, Estudiantiles y Sindicales del Estado de Guerrero, se instalaron sobre el sentido norte-sur de la Autopista del Sol, entre la cabecera municipal de Chilpancingo y la caseta de peaje de Palo Blanco.<\/p>\n\n\n\n<p>Durante la actividad entregaron volantes a los automovilistas que viajaban con direcci\u00f3n al puerto de Acapulco.<\/p>\n\n\n\n<p>En el volante entregado se observa el rostro de Vicente Iv\u00e1n Suastegui Mu\u00f1oz, uno de los principales dirigentes del Consejo de Ejidos y Comunidades Opositoras a la Parota (Cecop) y de quien se desconoce el paradero desde la jornada del siete de agosto.<\/p>\n\n\n\n<p>Los manifestantes se encuentran liderados por Nicol\u00e1s Ch\u00e1vez Adame, vocero de la Asamblea Popular de los Pueblos de Guerrero (APPG), quien se\u00f1al\u00f3 que el reclamo porque se encuentre con vida al dirigente del CECOP, se plantea con la misma intensidad ante el Gobierno del Estado como ante la federaci\u00f3n.<\/p>\n\n\n\n<p>Tambi\u00e9n, se\u00f1al\u00f3 que entre los inconformes estuvieron varios damnificados por las tormentas Ingrid y Manuel, registradas en septiembre de 2013, quienes piden al presidente de la rep\u00fablica la reconstrucci\u00f3n de al menos 700 viviendas qu\u00e9 les fueron entregadas luego de los desastres naturales , misma que ya presentan cuarteaduras y afectaciones graves.<\/p>\n\n\n\n<p>Ch\u00e1vez Adame realiz\u00f3 un llamado al gobernador Astudillo Flores, la gobernadora electa, Evelyn Salgado Pineda y al senador F\u00e9lix Salgado Macedonio, para efecto de que retomen el caso que afecta a cientos de familias, que d\u00eda con d\u00eda tienen que vivir en condiciones precarias desde hace a\u00f1os.<\/p>\n\n\n\n<p>Sostuvo que los inmuebles presentan afectaciones muy serias, sin embargo, solamente se les ha aplicado pintura para rehabilitarlas parcialmente, sin atender los da\u00f1os de fondo.<\/p>\n\n\n\n<p>No descart\u00f3 la posibilidad de que haya m\u00e1s manifestaciones en el futuro, pues ambos reclamos no han sido atendidos de manera puntual por parte de las autoridades.<\/p>\n","protected":false},"excerpt":{"rendered":"<p>&#8211; Exigen la presentaci\u00f3n con vida de dirigente social y exigen la rehabilitaci\u00f3n de 700 viviendas Jes\u00fas Dorantes Chilpancingo, Gro.- Habitantes del fraccionamiento Nuevo Mirador instalaron un ret\u00e9n informativo en&hellip; <\/p>\n","protected":false},"author":1,"featured_media":36411,"comment_status":"open","ping_status":"open","sticky":false,"template":"","format":"standard","meta":{"fifu_image_url":"","fifu_image_alt":"","footnotes":""},"categories":[15],"tags":[],"class_list":["post-36425","post","type-post","status-publish","format-standard","has-post-thumbnail","hentry","category-movimientos-sociales"],"_links":{"self":[{"href":"https:\/\/www.interaccionnoticias.com.mx\/index.php?rest_route=\/wp\/v2\/posts\/36425","targetHints":{"allow":["GET"]}}],"collection":[{"href":"https:\/\/www.interaccionnoticias.com.mx\/index.php?rest_route=\/wp\/v2\/posts"}],"about":[{"href":"https:\/\/www.interaccionnoticias.com.mx\/index.php?rest_route=\/wp\/v2\/types\/post"}],"author":[{"embeddable":true,"href":"https:\/\/www.interaccionnoticias.com.mx\/index.php?rest_route=\/wp\/v2\/users\/1"}],"replies":[{"embeddable":true,"href":"https:\/\/www.interaccionnoticias.com.mx\/index.php?rest_route=%2Fwp%2Fv2%2Fcomments&post=36425"}],"version-history":[{"count":0,"href":"https:\/\/www.interaccionnoticias.com.mx\/index.php?rest_route=\/wp\/v2\/posts\/36425\/revisions"}],"wp:featuredmedia":[{"embeddable":true,"href":"https:\/\/www.interaccionnoticias.com.mx\/index.php?rest_route=\/wp\/v2\/media\/36411"}],"wp:attachment":[{"href":"https:\/\/www.interaccionnoticias.com.mx\/index.php?rest_route=%2Fwp%2Fv2%2Fmedia&parent=36425"}],"wp:term":[{"taxonomy":"category","embeddable":true,"href":"https:\/\/www.interaccionnoticias.com.mx\/index.php?rest_route=%2Fwp%2Fv2%2Fcategories&post=36425"},{"taxonomy":"post_tag","embeddable":true,"href":"https:\/\/www.interaccionnoticias.com.mx\/index.php?rest_route=%2Fwp%2Fv2%2Ftags&post=36425"}],"curies":[{"name":"wp","href":"https:\/\/api.w.org\/{rel}","templated":true}]}}