{"id":3629,"date":"2017-04-19T23:59:28","date_gmt":"2017-04-20T04:59:28","guid":{"rendered":"http:\/\/www.inter-accion.com.mx\/?p=3629"},"modified":"2017-04-19T23:59:28","modified_gmt":"2017-04-20T04:59:28","slug":"ejecutan-a-secretario-general-del-prd-guerrero","status":"publish","type":"post","link":"https:\/\/www.interaccionnoticias.com.mx\/?p=3629","title":{"rendered":"Ejecutan a  secretario general del PRD-Guerrero"},"content":{"rendered":"<p><strong>Demetrio Saldivar G\u00f3mez, fue baleado cuando llegaba a su domicilio, en Chilpancingo<\/strong><br \/>\nEl secretario general del Comit\u00e9 Ejecutivo Estatal (CEE) del PRD, Demetrio Saldivar G\u00f3mez fue asesinado a balazos la noche del mi\u00e9rcoles, cuando llegaba a su domicilio particular en la colonia El Tomatal, en el sector oriente de la capital de Guerrero.<br \/>\nEsteban Espinosa Montoya, jefe de la Polic\u00eda de Chilpancingo confirm\u00f3 que el ataque se registr\u00f3 alrededor de las 21:30 horas, en la parte alta de la colonia El Tomatal.<br \/>\nLo poco que confirm\u00f3 el secretario de Seguridad P\u00fablica Municipal, fue que Saldivar G\u00f3mez fue encontrado sin vida al volante de su veh\u00edculo, un jetta color blanco de modelo reciente.<br \/>\nLa polic\u00eda encontr\u00f3 la unidad con las luces encendidas, ten\u00eda por lo menos siete impactos de bala en forma de cruz en el parabrisas, vest\u00eda una camisa color azul y al instante de la agresi\u00f3n se recarg\u00f3 en el asiento del copiloto.<br \/>\nLa primera versi\u00f3n del ataque indica que los agresores le cerraron el paso cuando estaba a punto de llegar a su domicilio particular, de los siete impactos que perforaron el parabrisas, se indic\u00f3 que por lo menos seis impactaron en el pol\u00edtico originario de la regi\u00f3n Monta\u00f1a.&nbsp;&nbsp;&nbsp;<br \/>\nSaldivar G\u00f3mez fue diputado local por el extinto Partido de la Revoluci\u00f3n del Sur (PRS), partido estatal que fund\u00f3 con el ex guerrillero Heriberto Noriega Cant\u00fa.<br \/>\n<img loading=\"lazy\" decoding=\"async\" src=\"data:image\/gif;base64,R0lGODlhAQABAIAAAAAAAP\/\/\/ywAAAAAAQABAAACAUwAOw==\" fifu-lazy=\"1\" fifu-data-sizes=\"auto\" fifu-data-srcset=\"https:\/\/i0.wp.com\/www.inter-accion.com.mx\/wp-content\/uploads\/2017\/04\/18012810_10212699628228123_565438738_o.jpg?ssl=1&w=75&resize=75&ssl=1 75w, https:\/\/i0.wp.com\/www.inter-accion.com.mx\/wp-content\/uploads\/2017\/04\/18012810_10212699628228123_565438738_o.jpg?ssl=1&w=100&resize=100&ssl=1 100w, https:\/\/i0.wp.com\/www.inter-accion.com.mx\/wp-content\/uploads\/2017\/04\/18012810_10212699628228123_565438738_o.jpg?ssl=1&w=150&resize=150&ssl=1 150w, https:\/\/i0.wp.com\/www.inter-accion.com.mx\/wp-content\/uploads\/2017\/04\/18012810_10212699628228123_565438738_o.jpg?ssl=1&w=240&resize=240&ssl=1 240w, https:\/\/i0.wp.com\/www.inter-accion.com.mx\/wp-content\/uploads\/2017\/04\/18012810_10212699628228123_565438738_o.jpg?ssl=1&w=320&resize=320&ssl=1 320w, https:\/\/i0.wp.com\/www.inter-accion.com.mx\/wp-content\/uploads\/2017\/04\/18012810_10212699628228123_565438738_o.jpg?ssl=1&w=500&resize=500&ssl=1 500w, https:\/\/i0.wp.com\/www.inter-accion.com.mx\/wp-content\/uploads\/2017\/04\/18012810_10212699628228123_565438738_o.jpg?ssl=1&w=640&resize=640&ssl=1 640w, https:\/\/i0.wp.com\/www.inter-accion.com.mx\/wp-content\/uploads\/2017\/04\/18012810_10212699628228123_565438738_o.jpg?ssl=1&w=800&resize=800&ssl=1 800w, https:\/\/i0.wp.com\/www.inter-accion.com.mx\/wp-content\/uploads\/2017\/04\/18012810_10212699628228123_565438738_o.jpg?ssl=1&w=1024&resize=1024&ssl=1 1024w, https:\/\/i0.wp.com\/www.inter-accion.com.mx\/wp-content\/uploads\/2017\/04\/18012810_10212699628228123_565438738_o.jpg?ssl=1&w=1280&resize=1280&ssl=1 1280w, https:\/\/i0.wp.com\/www.inter-accion.com.mx\/wp-content\/uploads\/2017\/04\/18012810_10212699628228123_565438738_o.jpg?ssl=1&w=1600&resize=1600&ssl=1 1600w\" class=\"alignnone size-full wp-image-3631\" fifu-data-src=\"https:\/\/i0.wp.com\/www.inter-accion.com.mx\/wp-content\/uploads\/2017\/04\/18012810_10212699628228123_565438738_o.jpg?ssl=1\" alt=\"\" width=\"1600\" height=\"1066\">Antes, fue militante del Partido Popular Socialista (PPS) y tras formar parte de la 58 Legislatura local se incorpor\u00f3 a las filas del PRD, de cuya estructura dirigente forma parte en la secretar\u00eda general, el segundo cargo m\u00e1s importante en el estado.<br \/>\nSaldivar tambi\u00e9n formaba parte de la corriente Izquierda Progresista Guerrerense (IPG), creada durante el gobierno de Angel Aguirre Rivero, quien renunci\u00f3 a su militancia en el partido del sol azteca, tras los hechos del 26 de septiembre de 2014 en Iguala de la Independencia, cuando desaparecieron los 43 estudiantes de la Normal Rural de Ayotzinapa.<br \/>\nTambi\u00e9n form\u00f3 parte de Nueva Izquierda (NI) y de Democracia Social (DS).<br \/>\nEra conocido como uno de los principales operadores en materia de estructura electoral partidista.<br \/>\nTambi\u00e9n fue esposo de la regidora de Seguridad P\u00fablica en el cabildo de Chilpancingo, Nancy Soraya Cruz Garc\u00eda.<br \/>\n<img loading=\"lazy\" decoding=\"async\" src=\"data:image\/gif;base64,R0lGODlhAQABAIAAAAAAAP\/\/\/ywAAAAAAQABAAACAUwAOw==\" fifu-lazy=\"1\" fifu-data-sizes=\"auto\" fifu-data-srcset=\"https:\/\/i2.wp.com\/www.inter-accion.com.mx\/wp-content\/uploads\/2017\/04\/18012779_10212699627068094_2078112466_o.jpg?ssl=1&w=75&resize=75&ssl=1 75w, https:\/\/i2.wp.com\/www.inter-accion.com.mx\/wp-content\/uploads\/2017\/04\/18012779_10212699627068094_2078112466_o.jpg?ssl=1&w=100&resize=100&ssl=1 100w, https:\/\/i2.wp.com\/www.inter-accion.com.mx\/wp-content\/uploads\/2017\/04\/18012779_10212699627068094_2078112466_o.jpg?ssl=1&w=150&resize=150&ssl=1 150w, https:\/\/i2.wp.com\/www.inter-accion.com.mx\/wp-content\/uploads\/2017\/04\/18012779_10212699627068094_2078112466_o.jpg?ssl=1&w=240&resize=240&ssl=1 240w, https:\/\/i2.wp.com\/www.inter-accion.com.mx\/wp-content\/uploads\/2017\/04\/18012779_10212699627068094_2078112466_o.jpg?ssl=1&w=320&resize=320&ssl=1 320w, https:\/\/i2.wp.com\/www.inter-accion.com.mx\/wp-content\/uploads\/2017\/04\/18012779_10212699627068094_2078112466_o.jpg?ssl=1&w=500&resize=500&ssl=1 500w, https:\/\/i2.wp.com\/www.inter-accion.com.mx\/wp-content\/uploads\/2017\/04\/18012779_10212699627068094_2078112466_o.jpg?ssl=1&w=640&resize=640&ssl=1 640w, https:\/\/i2.wp.com\/www.inter-accion.com.mx\/wp-content\/uploads\/2017\/04\/18012779_10212699627068094_2078112466_o.jpg?ssl=1&w=800&resize=800&ssl=1 800w, https:\/\/i2.wp.com\/www.inter-accion.com.mx\/wp-content\/uploads\/2017\/04\/18012779_10212699627068094_2078112466_o.jpg?ssl=1&w=1024&resize=1024&ssl=1 1024w, https:\/\/i2.wp.com\/www.inter-accion.com.mx\/wp-content\/uploads\/2017\/04\/18012779_10212699627068094_2078112466_o.jpg?ssl=1&w=1280&resize=1280&ssl=1 1280w, https:\/\/i2.wp.com\/www.inter-accion.com.mx\/wp-content\/uploads\/2017\/04\/18012779_10212699627068094_2078112466_o.jpg?ssl=1&w=1600&resize=1600&ssl=1 1600w\" class=\"alignnone size-full wp-image-3630\" fifu-data-src=\"https:\/\/i2.wp.com\/www.inter-accion.com.mx\/wp-content\/uploads\/2017\/04\/18012779_10212699627068094_2078112466_o.jpg?ssl=1\" alt=\"\" width=\"1600\" height=\"1066\"><br \/>\n<strong>PRD exige justicia<\/strong><br \/>\nAntes de la medianoche, la dirigencia estatal del PRD emiti\u00f3 un comunicado en el que exige justicia en torno a dicho crimen.<br \/>\nEl texto \u00edntegro del documento es el siguiente:<br \/>\nEl Comit\u00e9 Ejecutivo Estatal del PRD repudia al asesinato de nuestro secretario general, Demetrio Sald\u00edvar G\u00f3mez ocurrido la noche de este mi\u00e9rcoles en la capital del estado, y dada la incapacidad de las instancias estatales y del gobernador de Guerrero, demandamos que el gobierno federal asuma el control de la seguridad en la entidad, para que investigue y se castigue a los culpables.&nbsp;<br \/>\nNos solidarizamos con familiares, amigos y compa\u00f1eros de partido ante esta irreparable p\u00e9rdida que nos indigna, nos enluta y nos agrede profundamente.<br \/>\nAs\u00ed como la cabeza del Poder Judicial colaps\u00f3 por la frivolidad con que se conduc\u00eda su titular, la Fiscal\u00eda de Guerrero naufraga y acumula impunidad todos los d\u00edas.<br \/>\nPor ello exigimos la inmediata remoci\u00f3n del fiscal de Guerrero, Xavier Olea Pel\u00e1ez, dada su notoria incapacidad por resolver los cr\u00edmenes no solamente de nuestros compa\u00f1eros.<br \/>\nConvocamos a los &nbsp;liderazgos perredistas del estado y del Comite Ejecutivo Nacional, para discutir las acciones que habremos de tomar en los pr\u00f3ximos d\u00edas, ante la ingobernabilidad que se vive en Guerrero.<\/p>\n","protected":false},"excerpt":{"rendered":"<p>Demetrio Saldivar G\u00f3mez, fue baleado cuando llegaba a su domicilio, en Chilpancingo El secretario general del Comit\u00e9 Ejecutivo Estatal (CEE) del PRD, Demetrio Saldivar G\u00f3mez fue asesinado a balazos la&hellip; <\/p>\n","protected":false},"author":1,"featured_media":0,"comment_status":"open","ping_status":"open","sticky":false,"template":"","format":"standard","meta":{"fifu_image_url":"","fifu_image_alt":"","footnotes":""},"categories":[8,18],"tags":[81],"class_list":["post-3629","post","type-post","status-publish","format-standard","hentry","category-featured","category-partidos-politicos","tag-demetrio-saldivar-gomez"],"_links":{"self":[{"href":"https:\/\/www.interaccionnoticias.com.mx\/index.php?rest_route=\/wp\/v2\/posts\/3629","targetHints":{"allow":["GET"]}}],"collection":[{"href":"https:\/\/www.interaccionnoticias.com.mx\/index.php?rest_route=\/wp\/v2\/posts"}],"about":[{"href":"https:\/\/www.interaccionnoticias.com.mx\/index.php?rest_route=\/wp\/v2\/types\/post"}],"author":[{"embeddable":true,"href":"https:\/\/www.interaccionnoticias.com.mx\/index.php?rest_route=\/wp\/v2\/users\/1"}],"replies":[{"embeddable":true,"href":"https:\/\/www.interaccionnoticias.com.mx\/index.php?rest_route=%2Fwp%2Fv2%2Fcomments&post=3629"}],"version-history":[{"count":0,"href":"https:\/\/www.interaccionnoticias.com.mx\/index.php?rest_route=\/wp\/v2\/posts\/3629\/revisions"}],"wp:attachment":[{"href":"https:\/\/www.interaccionnoticias.com.mx\/index.php?rest_route=%2Fwp%2Fv2%2Fmedia&parent=3629"}],"wp:term":[{"taxonomy":"category","embeddable":true,"href":"https:\/\/www.interaccionnoticias.com.mx\/index.php?rest_route=%2Fwp%2Fv2%2Fcategories&post=3629"},{"taxonomy":"post_tag","embeddable":true,"href":"https:\/\/www.interaccionnoticias.com.mx\/index.php?rest_route=%2Fwp%2Fv2%2Ftags&post=3629"}],"curies":[{"name":"wp","href":"https:\/\/api.w.org\/{rel}","templated":true}]}}