{"id":36289,"date":"2021-08-15T19:00:51","date_gmt":"2021-08-16T00:00:51","guid":{"rendered":"http:\/\/www.inter-accion.com.mx\/?p=36289"},"modified":"2021-08-15T19:00:51","modified_gmt":"2021-08-16T00:00:51","slug":"36289","status":"publish","type":"post","link":"https:\/\/www.interaccionnoticias.com.mx\/?p=36289","title":{"rendered":"Fuerza Guerrerense llevar\u00e1 a cabo su propio foro sobre desarrollo rural sustentable: Evencio Romero"},"content":{"rendered":"\n<p><strong>Rosario Garc\u00eda Orozco<\/strong><\/p>\n\n\n\n<p><strong>Chilpancingo, Gro., 15 de agosto del 2021.- <\/strong>El hecho de que el campo sea considerado apenas como un sub tema en la organizaci\u00f3n de los foros de consulta para la conformaci\u00f3n del Plan Estatal de Desarrollo, significa un desprecio a un sector que representa a un 42 por ciento de la poblaci\u00f3n guerrerense, consider\u00f3 Evencio Romero Sotelo, dirigente estatal de la Liga de Comunidades Agrarias y Sindicatos Campesinos, quien adelant\u00f3 que se realizar\u00e1 un foro especial sobre ese tema los d\u00edas 3 y 4 de septiembre pr\u00f3ximo.<\/p>\n\n\n\n<p>Mencion\u00f3 que las m\u00e1s de 40 organizaciones que conforman el colectivo Fuerza Guerrerenses, llevar\u00e1n a cabo un foro estatal los d\u00edas 3 y 4 de septiembre pr\u00f3ximo en Chilpancingo, y el resultado de ese foro ser\u00e1 entregado a la gobernadora electa, Evelyn Salgado Pineda, para que lo ah\u00ed expuesto sea considerado para integrarlo en su plan de gobierno.<\/p>\n\n\n\n<p>Se trata de tomar en cuenta a cerca de un mill\u00f3n 300 mil guerrerenses que viven en el campo, o del campo; \u201ces decir el 42 por ciento de la poblaci\u00f3n de Guerrero se mantiene del campo\u201d.<\/p>\n\n\n\n<p>Reconoci\u00f3 que como dirigente campesino, fue convocado a participar en el foro, en el que el campo fue considerado como parte de una mesa, \u201cyo dije que no aceptaba porque no era posible que al campo lo dejaran como un subtema de la mesa de Econom\u00eda y Desarrollo Productivo\u201d.<\/p>\n\n\n\n<p>Insisti\u00f3 en que despu\u00e9s del turismo, si se requiere desarrollar econ\u00f3micamente a Guerrero, se necesita fortalecer al campo, que ha sido considerado como la segunda palanca de desarrollo, \u201cy es que hay con qu\u00e9; porque somos primer lugar en producci\u00f3n de coco, mango, caf\u00e9, mezcal, lo que nos falta es innovar, y pasar de ser un buen productor a comercializar e industrializar, ah\u00ed es donde los gobiernos deben enfocarse\u201d, consider\u00f3 Romero Sotelo.<\/p>\n\n\n\n<p>Explic\u00f3 que por esa raz\u00f3n Fuerza Guerrerense llevar\u00e1 a cabo un foro especial sobre desarrollo rural sustentable los d\u00edas 3 y 4 de septiembre pr\u00f3ximo, al que han invitado a la gobernadora electa, Evelyn Salgado Pineda, para que conozca de voz de los productores las propuestas que tienen y que \u00e9stas puedan ser incluidas en su plan de gobierno.<\/p>\n","protected":false},"excerpt":{"rendered":"<p>Rosario Garc\u00eda Orozco Chilpancingo, Gro., 15 de agosto del 2021.- El hecho de que el campo sea considerado apenas como un sub tema en la organizaci\u00f3n de los foros de&hellip; <\/p>\n","protected":false},"author":1,"featured_media":36290,"comment_status":"open","ping_status":"open","sticky":false,"template":"","format":"standard","meta":{"fifu_image_url":"","fifu_image_alt":"","footnotes":""},"categories":[29],"tags":[],"class_list":["post-36289","post","type-post","status-publish","format-standard","has-post-thumbnail","hentry","category-sociedad"],"_links":{"self":[{"href":"https:\/\/www.interaccionnoticias.com.mx\/index.php?rest_route=\/wp\/v2\/posts\/36289","targetHints":{"allow":["GET"]}}],"collection":[{"href":"https:\/\/www.interaccionnoticias.com.mx\/index.php?rest_route=\/wp\/v2\/posts"}],"about":[{"href":"https:\/\/www.interaccionnoticias.com.mx\/index.php?rest_route=\/wp\/v2\/types\/post"}],"author":[{"embeddable":true,"href":"https:\/\/www.interaccionnoticias.com.mx\/index.php?rest_route=\/wp\/v2\/users\/1"}],"replies":[{"embeddable":true,"href":"https:\/\/www.interaccionnoticias.com.mx\/index.php?rest_route=%2Fwp%2Fv2%2Fcomments&post=36289"}],"version-history":[{"count":0,"href":"https:\/\/www.interaccionnoticias.com.mx\/index.php?rest_route=\/wp\/v2\/posts\/36289\/revisions"}],"wp:featuredmedia":[{"embeddable":true,"href":"https:\/\/www.interaccionnoticias.com.mx\/index.php?rest_route=\/wp\/v2\/media\/36290"}],"wp:attachment":[{"href":"https:\/\/www.interaccionnoticias.com.mx\/index.php?rest_route=%2Fwp%2Fv2%2Fmedia&parent=36289"}],"wp:term":[{"taxonomy":"category","embeddable":true,"href":"https:\/\/www.interaccionnoticias.com.mx\/index.php?rest_route=%2Fwp%2Fv2%2Fcategories&post=36289"},{"taxonomy":"post_tag","embeddable":true,"href":"https:\/\/www.interaccionnoticias.com.mx\/index.php?rest_route=%2Fwp%2Fv2%2Ftags&post=36289"}],"curies":[{"name":"wp","href":"https:\/\/api.w.org\/{rel}","templated":true}]}}