{"id":36284,"date":"2021-08-15T18:54:48","date_gmt":"2021-08-15T23:54:48","guid":{"rendered":"http:\/\/www.inter-accion.com.mx\/?p=36284"},"modified":"2021-08-15T18:54:48","modified_gmt":"2021-08-15T23:54:48","slug":"36284","status":"publish","type":"post","link":"https:\/\/www.interaccionnoticias.com.mx\/?p=36284","title":{"rendered":"Toman casetas para financiar atenci\u00f3n m\u00e9dica a padre de normalista desaparecido"},"content":{"rendered":"\n<p><strong><em>&#8211; El se\u00f1or Bernardo Campos es padre de \u00c1ngel, uno de los 43 desaparecidos de Ayotzinapa<\/em><\/strong><\/p>\n\n\n\n<p><strong>Dassaev T\u00e9llez<\/strong><\/p>\n\n\n\n<p>Estudiantes de la Normal Rural Ra\u00fal de Ayotzinapa tomaron de dos de las tres casetas de cobro de la Autopista del Sol que existen en el estado, con la intenci\u00f3n de financiar la atenci\u00f3n m\u00e9dica para el se\u00f1or Bernardo Campos, padre de uno de los 43 desaparecidos de Ayotzinapa y quien se encuentra delicado de salud.<\/p>\n\n\n\n<p>Los normalistas rurales permanecieron en control de las casetas de peaje de Palo Blanco y Paso Morelos por espacio de cuatro horas, tiempo en el que suprimieron la cuota impuesta por Capufe y solicitaron el apoyo econ\u00f3mico de los automovilistas.<\/p>\n\n\n\n<p>El se\u00f1or Bernardo es conocido bajo el alias de \u00abT\u00edo Venado\u00bb y que es padre de Jos\u00e9 \u00c1ngel Campos, uno de los j\u00f3venes cuyo paradero se desconoce desde el 26 de septiembre de 2014.<\/p>\n\n\n\n<p>Aseguraron que el se\u00f1or Bernardo atraviesa una situaci\u00f3n delicada de salud desde la jornada del viernes 13 de agosto.<\/p>\n\n\n\n<p>Tambi\u00e9n, se\u00f1alaron que la manifestaci\u00f3n tiene la intenci\u00f3n de dejar en claro que el movimiento en pro de la presentaci\u00f3n con vida de sus 43 compa\u00f1eros se mantiene, ya que a pesar de las manifestaciones de buena voluntad, hasta el momento no se tienen resultados concretos en los trabajos de b\u00fasqueda.<\/p>\n\n\n\n<p>Aunque se les pregunto, los representantes de la Normal Rural manifestaron que desconocen si el tema de salud derive del contagio de COVID-19, a partir de que Tixtla, municipio en el que radican registra un alto \u00edndice de casos.<\/p>\n\n\n\n<p>En todo caso, se\u00f1alaron que ser\u00e1 con el permiso de la familia que dar\u00e1n a conocer el estado del se\u00f1or Bernardo y la causa de su situaci\u00f3n.<\/p>\n\n\n\n<p>La actividad culmin\u00f3 sin complicaciones.<\/p>\n","protected":false},"excerpt":{"rendered":"<p>&#8211; El se\u00f1or Bernardo Campos es padre de \u00c1ngel, uno de los 43 desaparecidos de Ayotzinapa Dassaev T\u00e9llez Estudiantes de la Normal Rural Ra\u00fal de Ayotzinapa tomaron de dos de&hellip; <\/p>\n","protected":false},"author":1,"featured_media":36285,"comment_status":"open","ping_status":"open","sticky":false,"template":"","format":"standard","meta":{"fifu_image_url":"","fifu_image_alt":"","footnotes":""},"categories":[15],"tags":[],"class_list":["post-36284","post","type-post","status-publish","format-standard","has-post-thumbnail","hentry","category-movimientos-sociales"],"_links":{"self":[{"href":"https:\/\/www.interaccionnoticias.com.mx\/index.php?rest_route=\/wp\/v2\/posts\/36284","targetHints":{"allow":["GET"]}}],"collection":[{"href":"https:\/\/www.interaccionnoticias.com.mx\/index.php?rest_route=\/wp\/v2\/posts"}],"about":[{"href":"https:\/\/www.interaccionnoticias.com.mx\/index.php?rest_route=\/wp\/v2\/types\/post"}],"author":[{"embeddable":true,"href":"https:\/\/www.interaccionnoticias.com.mx\/index.php?rest_route=\/wp\/v2\/users\/1"}],"replies":[{"embeddable":true,"href":"https:\/\/www.interaccionnoticias.com.mx\/index.php?rest_route=%2Fwp%2Fv2%2Fcomments&post=36284"}],"version-history":[{"count":0,"href":"https:\/\/www.interaccionnoticias.com.mx\/index.php?rest_route=\/wp\/v2\/posts\/36284\/revisions"}],"wp:featuredmedia":[{"embeddable":true,"href":"https:\/\/www.interaccionnoticias.com.mx\/index.php?rest_route=\/wp\/v2\/media\/36285"}],"wp:attachment":[{"href":"https:\/\/www.interaccionnoticias.com.mx\/index.php?rest_route=%2Fwp%2Fv2%2Fmedia&parent=36284"}],"wp:term":[{"taxonomy":"category","embeddable":true,"href":"https:\/\/www.interaccionnoticias.com.mx\/index.php?rest_route=%2Fwp%2Fv2%2Fcategories&post=36284"},{"taxonomy":"post_tag","embeddable":true,"href":"https:\/\/www.interaccionnoticias.com.mx\/index.php?rest_route=%2Fwp%2Fv2%2Ftags&post=36284"}],"curies":[{"name":"wp","href":"https:\/\/api.w.org\/{rel}","templated":true}]}}