{"id":36279,"date":"2021-08-15T16:43:47","date_gmt":"2021-08-15T21:43:47","guid":{"rendered":"http:\/\/www.inter-accion.com.mx\/?p=36279"},"modified":"2021-08-15T16:43:47","modified_gmt":"2021-08-15T21:43:47","slug":"36279","status":"publish","type":"post","link":"https:\/\/www.interaccionnoticias.com.mx\/?p=36279","title":{"rendered":"Queman dos taxis en Acapulco"},"content":{"rendered":"\n<p><strong><em>&#8211; En una de las unidades estaba un cad\u00e1ver\u00a0<br>&#8211; La otra fue incendiada en La Isla \u00a0<\/em><\/strong><br>\u00a0<br><strong>Javier Trujillo\u00a0<br><\/strong>\u00a0<br><strong>Acapulco, Gro. \u2013<\/strong> A unos metros del puente de La Sabana y el poblado de Las Plazuelas, la ma\u00f1ana de este domingo, fue incendiado un taxi del servicio p\u00fablico, con un hombre que estaba encajuelado. M\u00e1s tarde, en la plaza comercial de La Isla, en la zona Diamante, otro taxi se incendi\u00f3.\u00a0<\/p>\n\n\n\n<p>Los hechos se registraron entre las 11:30 y las 13:30 horas, en la zona suburbana entre los poblados de Las Plazuelas y La Sabana, la otra unidad se incendi\u00f3 en la tur\u00edstica zona del Acapulco Diamante. &nbsp;<\/p>\n\n\n\n<p>En el primer caso, el reporte se realiz\u00f3 a trav\u00e9s del Servicio de Emergencia del 911, en las inmediaciones de ambos poblados, ah\u00ed estaba un taxi incendiado y al interior de la cajuela un hombre sin vida.&nbsp;<\/p>\n\n\n\n<p>Al lugar acudieron efectivos de la Polic\u00eda Investigadora Ministerial, personal de Servicios Periciales, del Servicio M\u00e9dico Forense, y bomberos quienes sofocaron el incendio del auto en el poblado. &nbsp;<\/p>\n\n\n\n<p>Dentro de la unida, hab\u00eda un cuerpo en avanzado estado de descomposici\u00f3n y quemado, al igual que la unidad del servicio p\u00fablico, la cual estaba en direcci\u00f3n al poblado de Las Plazuelas, zona rural del puerto.&nbsp;<\/p>\n\n\n\n<p>De acuerdo con testimonios, el veh\u00edculo de la marca Nissan tipo Tsuru, tra\u00eda en la cajuela el cuerpo de un hombre que desprend\u00eda olores p\u00fatridos, y que incendiaron hombres armados. &nbsp;<\/p>\n\n\n\n<p>Casi dos horas despu\u00e9s, otro taxi del servicio p\u00fablico, fue incendiado en Costera Las Palmas, muy cerca de la plaza comercial de La Isla, en la tur\u00edstica zona Diamante de este destino de playa.&nbsp;<\/p>\n\n\n\n<p>Hasta el lugar, acudi\u00f3 personal de bomberos que de inmediato sofocaron la conflagraci\u00f3n del veh\u00edculo, mismo que no ten\u00eda ninguna persona en su interior y se indica que la unidad fue p\u00e9rdida total.<\/p>\n","protected":false},"excerpt":{"rendered":"<p>&#8211; En una de las unidades estaba un cad\u00e1ver\u00a0&#8211; La otra fue incendiada en La Isla \u00a0\u00a0Javier Trujillo\u00a0\u00a0Acapulco, Gro. \u2013 A unos metros del puente de La Sabana y el&hellip; <\/p>\n","protected":false},"author":1,"featured_media":36280,"comment_status":"open","ping_status":"open","sticky":false,"template":"","format":"standard","meta":{"fifu_image_url":"","fifu_image_alt":"","footnotes":""},"categories":[27],"tags":[],"class_list":["post-36279","post","type-post","status-publish","format-standard","has-post-thumbnail","hentry","category-seguridad-publica"],"_links":{"self":[{"href":"https:\/\/www.interaccionnoticias.com.mx\/index.php?rest_route=\/wp\/v2\/posts\/36279","targetHints":{"allow":["GET"]}}],"collection":[{"href":"https:\/\/www.interaccionnoticias.com.mx\/index.php?rest_route=\/wp\/v2\/posts"}],"about":[{"href":"https:\/\/www.interaccionnoticias.com.mx\/index.php?rest_route=\/wp\/v2\/types\/post"}],"author":[{"embeddable":true,"href":"https:\/\/www.interaccionnoticias.com.mx\/index.php?rest_route=\/wp\/v2\/users\/1"}],"replies":[{"embeddable":true,"href":"https:\/\/www.interaccionnoticias.com.mx\/index.php?rest_route=%2Fwp%2Fv2%2Fcomments&post=36279"}],"version-history":[{"count":0,"href":"https:\/\/www.interaccionnoticias.com.mx\/index.php?rest_route=\/wp\/v2\/posts\/36279\/revisions"}],"wp:featuredmedia":[{"embeddable":true,"href":"https:\/\/www.interaccionnoticias.com.mx\/index.php?rest_route=\/wp\/v2\/media\/36280"}],"wp:attachment":[{"href":"https:\/\/www.interaccionnoticias.com.mx\/index.php?rest_route=%2Fwp%2Fv2%2Fmedia&parent=36279"}],"wp:term":[{"taxonomy":"category","embeddable":true,"href":"https:\/\/www.interaccionnoticias.com.mx\/index.php?rest_route=%2Fwp%2Fv2%2Fcategories&post=36279"},{"taxonomy":"post_tag","embeddable":true,"href":"https:\/\/www.interaccionnoticias.com.mx\/index.php?rest_route=%2Fwp%2Fv2%2Ftags&post=36279"}],"curies":[{"name":"wp","href":"https:\/\/api.w.org\/{rel}","templated":true}]}}