{"id":36269,"date":"2021-08-15T13:50:19","date_gmt":"2021-08-15T18:50:19","guid":{"rendered":"http:\/\/www.inter-accion.com.mx\/?p=36269"},"modified":"2021-08-15T13:50:19","modified_gmt":"2021-08-15T18:50:19","slug":"36269","status":"publish","type":"post","link":"https:\/\/www.interaccionnoticias.com.mx\/?p=36269","title":{"rendered":"Se manifiestan habitantes de Ometepec"},"content":{"rendered":"\n<p><strong><em>&#8211; Exigen la salida de la UPOEG de su comunidad<br>&#8211; Tienen bloqueada la carretera desde las 8 de la ma\u00f1ana<\/em><\/strong><\/p>\n\n\n\n<p><strong>Javier Trujillo<\/strong><\/p>\n\n\n\n<p><strong>Acapulco, Gro. &#8211;<\/strong> Medio centenar de pobladores de la comunidad Cruz de Corazones, municipio de Ometepec, bloquean la carretera federal y exigen la salida del poblado de La UPOEG, por arbitrariedades cometidas contra los pobladores.<\/p>\n\n\n\n<p>Desde las ocho de la ma\u00f1ana, cerraron la v\u00eda carretera que comunica a cuatro municipios con Marquelia, y exigen la presencia de las autoridades del gobierno de Guerrero.<\/p>\n\n\n\n<p>Los habitantes de Cruz de Coraz\u00f3n, exigen que la Polic\u00eda Ciudadana de la Uni\u00f3n de Pueblo del Estado de Guerrero (UPOEG) salga de su comunidad, porque en los m\u00e1s de 18 meses que llevan en esa localidad han ocasionado muchos atropellos contra la poblaci\u00f3n.<\/p>\n\n\n\n<p>\u00abApenas ayer por la noche golpearon a un joven, y ya estamos cansados de tantos excesos\u00bb, dijo Zeferino Santiago, uno de los pobladores que participa en la protesta y que se vaya la UPOEG.<\/p>\n\n\n\n<p>La comunidad, Cruz de Corazones, se ubica frente al Hospital Regional de Ometepec, ah\u00f3 tienen establecido un reten y una casa de justicia.<\/p>\n\n\n\n<p>Tras dialogar con las autoridades de esta localidad costera, los manifestantes accedieron permitir el paso a los veh\u00edculos cada 30 minutos y solo por un tiempo de 10 minutos. El cierre de la carretera ocasion\u00f3 molestia, enojos y hasta disputas verbales entre los manifestantes y los usuarios de la v\u00eda federal que posteriormente se resolvi\u00f3 al permitir el paso en forma temporal.<\/p>\n","protected":false},"excerpt":{"rendered":"<p>&#8211; Exigen la salida de la UPOEG de su comunidad&#8211; Tienen bloqueada la carretera desde las 8 de la ma\u00f1ana Javier Trujillo Acapulco, Gro. &#8211; Medio centenar de pobladores de&hellip; <\/p>\n","protected":false},"author":1,"featured_media":36270,"comment_status":"open","ping_status":"open","sticky":false,"template":"","format":"standard","meta":{"fifu_image_url":"","fifu_image_alt":"","footnotes":""},"categories":[23],"tags":[],"class_list":["post-36269","post","type-post","status-publish","format-standard","has-post-thumbnail","hentry","category-regionales"],"_links":{"self":[{"href":"https:\/\/www.interaccionnoticias.com.mx\/index.php?rest_route=\/wp\/v2\/posts\/36269","targetHints":{"allow":["GET"]}}],"collection":[{"href":"https:\/\/www.interaccionnoticias.com.mx\/index.php?rest_route=\/wp\/v2\/posts"}],"about":[{"href":"https:\/\/www.interaccionnoticias.com.mx\/index.php?rest_route=\/wp\/v2\/types\/post"}],"author":[{"embeddable":true,"href":"https:\/\/www.interaccionnoticias.com.mx\/index.php?rest_route=\/wp\/v2\/users\/1"}],"replies":[{"embeddable":true,"href":"https:\/\/www.interaccionnoticias.com.mx\/index.php?rest_route=%2Fwp%2Fv2%2Fcomments&post=36269"}],"version-history":[{"count":0,"href":"https:\/\/www.interaccionnoticias.com.mx\/index.php?rest_route=\/wp\/v2\/posts\/36269\/revisions"}],"wp:featuredmedia":[{"embeddable":true,"href":"https:\/\/www.interaccionnoticias.com.mx\/index.php?rest_route=\/wp\/v2\/media\/36270"}],"wp:attachment":[{"href":"https:\/\/www.interaccionnoticias.com.mx\/index.php?rest_route=%2Fwp%2Fv2%2Fmedia&parent=36269"}],"wp:term":[{"taxonomy":"category","embeddable":true,"href":"https:\/\/www.interaccionnoticias.com.mx\/index.php?rest_route=%2Fwp%2Fv2%2Fcategories&post=36269"},{"taxonomy":"post_tag","embeddable":true,"href":"https:\/\/www.interaccionnoticias.com.mx\/index.php?rest_route=%2Fwp%2Fv2%2Ftags&post=36269"}],"curies":[{"name":"wp","href":"https:\/\/api.w.org\/{rel}","templated":true}]}}