{"id":36256,"date":"2021-08-13T19:18:05","date_gmt":"2021-08-14T00:18:05","guid":{"rendered":"http:\/\/www.inter-accion.com.mx\/?p=36256"},"modified":"2021-08-13T19:18:05","modified_gmt":"2021-08-14T00:18:05","slug":"36256","status":"publish","type":"post","link":"https:\/\/www.interaccionnoticias.com.mx\/?p=36256","title":{"rendered":"Trabajadores de planteles de la Universidad Benito Ju\u00e1rez denuncian despedidos injustificados"},"content":{"rendered":"\n<p><strong>Rosario Garc\u00eda Orozco<\/strong><\/p>\n\n\n\n<p><strong>Chilpancingo, Gro., 13 de agosto del 2021.-<\/strong> Tres trabajadores que laboraban en planteles de la Universidad para el Bienestar Benito Ju\u00e1rez (UBBJ), ubicadas en los municipios de Xochistlahuaca, en la Costa Chica, y en Tierra Colorada, denunciaron que fueron despedidos de manera injustificada.<\/p>\n\n\n\n<p>Los inconformes plantearon que ese acto es arbitrario, y recordaron que \u201cextra\u00f1amente el gobierno federal afirma que el outsourcing desaparecer\u00e1, pero resulta que en la pr\u00e1ctica sucede todo lo contrario y permanece esa pr\u00e1xtica\u201d.<\/p>\n\n\n\n<p>Rom\u00e1n Hern\u00e1ndez, uno de los trabajadores despedidos, se\u00f1al\u00f3 que los despidos \u201cson contradictorios con la vocaci\u00f3n del gobierno federal, que pretende construir un Estado de bienestar, y eso no se puede lograr con despidos injustificados, que afectar\u00e1n a estudiantes, que no podr\u00e1n acceder a una educaci\u00f3n de calidad\u201d.<\/p>\n\n\n\n<p>Sobre todo, dijo, si contin\u00faan cambiando profesores, ya que eso afecta de manera severa la educaci\u00f3n de los estudiantes universitarios que conf\u00edan en ese sistema de educaci\u00f3n para lograr concluir sus carreras.<\/p>\n\n\n\n<p>Los trabajadores despedidos consideraron que hubo violaci\u00f3n a sus derechos, ya que la UBBJ los obliga a firmar convenios \u201cen los que donde tenemos que renunciar a nuestros derechos laborales, o sea que no se garantiza la estabilidad en esos espacios\u201d.<\/p>\n\n\n\n<p>Explic\u00f3 que el argumento que dieron para despedir a los trabajadores de la UBBJ, fue que no cumplen con el perfil de la carrera, \u201cy eso es contradictorio porque el febrero de 2019 fuimos contratados por la universidad, pasamos por un proceso de inducci\u00f3n muy riguroso, y seg\u00fan fueron aceptados los m\u00e1s aptos, con una convocatoria en la que participamos muchos, pero solo fuimos aceptados 800 docentes, y ahora nos dicen que no tenemos el perfil seg\u00fan Raquel de la Luz Sosa, la directora General de la UBBJ. Es una incongruencia\u201d.<\/p>\n\n\n\n<p>El docente Rom\u00e1n Hern\u00e1ndez sostuvo que a novel nacional fueron despedidos alrededor de 100 trabajadores, que empezaron a laborar en estas universidades desde marzo de 2019 como docentes.<\/p>\n\n\n\n<p>\u201cSon m\u00e1s de 100 universidades ubicadas en municipios con alta y muy alta marginaci\u00f3n\u201d, dijeron los maestros molestos por el despido, que calificaron como irregular y violatorio de sus derechos.<\/p>\n\n\n\n<p>\u201cHasta el momento estamos despedidos desde el mes de julio pasado dos maestros del plantel de Desarrollo Rural Sustentable, ubicada en Xochistlahuaca; y uno de la escuela de Medicina, en Tierra Colorada\u201d, se\u00f1alaron los inconformes.<\/p>\n\n\n\n<p>Los m\u00e1s de 100 docentes despedidos son de planteles universitarios de la UBBJ de los estados de Aguascalientes, Baja California, Ciudad de M\u00e9xico, Chiapas, Coahuila, Estado de M\u00e9xico, Guerrero, Hidalgo, Jalisco, Michoac\u00e1n, Oaxaca, Puebla, San Luis Potos\u00ed, Sinaloa, Sonora, Tabasco, Tlaxcala, Veracruz y Zacatecas\u201d.<\/p>\n\n\n\n<p>Ante la situaci\u00f3n por la que atraviesan los trabajadores despedidos, est\u00e1n exigiendo a la federaci\u00f3n el reconocimiento a la relaci\u00f3n laboral, reinstalaci\u00f3n de todas y todos los profesores y asistentes acad\u00e9micos despedidos; seguridad social conforme lo marca la ley; estabilidad laboral y cese a los descuentos y retenciones indebidas de jornadas trabajadas; alto a las medidas represivas y de descalificaci\u00f3n de las y los trabajadores en la demanda de sus derechos laborales.<\/p>\n\n\n\n<p>Tambi\u00e9n exigen reconocimiento a las antig\u00fcedades laborales, el pago de la jornada laboral completa (trabajo frente a grupo, preparaci\u00f3n de clases, asesor\u00edas, gesti\u00f3n) y libertad de C\u00e1tedra.<\/p>\n","protected":false},"excerpt":{"rendered":"<p>Rosario Garc\u00eda Orozco Chilpancingo, Gro., 13 de agosto del 2021.- Tres trabajadores que laboraban en planteles de la Universidad para el Bienestar Benito Ju\u00e1rez (UBBJ), ubicadas en los municipios de&hellip; <\/p>\n","protected":false},"author":1,"featured_media":36255,"comment_status":"open","ping_status":"open","sticky":false,"template":"","format":"standard","meta":{"fifu_image_url":"","fifu_image_alt":"","footnotes":""},"categories":[6],"tags":[],"class_list":["post-36256","post","type-post","status-publish","format-standard","has-post-thumbnail","hentry","category-educacion"],"_links":{"self":[{"href":"https:\/\/www.interaccionnoticias.com.mx\/index.php?rest_route=\/wp\/v2\/posts\/36256","targetHints":{"allow":["GET"]}}],"collection":[{"href":"https:\/\/www.interaccionnoticias.com.mx\/index.php?rest_route=\/wp\/v2\/posts"}],"about":[{"href":"https:\/\/www.interaccionnoticias.com.mx\/index.php?rest_route=\/wp\/v2\/types\/post"}],"author":[{"embeddable":true,"href":"https:\/\/www.interaccionnoticias.com.mx\/index.php?rest_route=\/wp\/v2\/users\/1"}],"replies":[{"embeddable":true,"href":"https:\/\/www.interaccionnoticias.com.mx\/index.php?rest_route=%2Fwp%2Fv2%2Fcomments&post=36256"}],"version-history":[{"count":0,"href":"https:\/\/www.interaccionnoticias.com.mx\/index.php?rest_route=\/wp\/v2\/posts\/36256\/revisions"}],"wp:featuredmedia":[{"embeddable":true,"href":"https:\/\/www.interaccionnoticias.com.mx\/index.php?rest_route=\/wp\/v2\/media\/36255"}],"wp:attachment":[{"href":"https:\/\/www.interaccionnoticias.com.mx\/index.php?rest_route=%2Fwp%2Fv2%2Fmedia&parent=36256"}],"wp:term":[{"taxonomy":"category","embeddable":true,"href":"https:\/\/www.interaccionnoticias.com.mx\/index.php?rest_route=%2Fwp%2Fv2%2Fcategories&post=36256"},{"taxonomy":"post_tag","embeddable":true,"href":"https:\/\/www.interaccionnoticias.com.mx\/index.php?rest_route=%2Fwp%2Fv2%2Ftags&post=36256"}],"curies":[{"name":"wp","href":"https:\/\/api.w.org\/{rel}","templated":true}]}}