{"id":36251,"date":"2021-08-13T18:02:40","date_gmt":"2021-08-13T23:02:40","guid":{"rendered":"http:\/\/www.inter-accion.com.mx\/?p=36251"},"modified":"2021-08-13T18:02:40","modified_gmt":"2021-08-13T23:02:40","slug":"36251","status":"publish","type":"post","link":"https:\/\/www.interaccionnoticias.com.mx\/?p=36251","title":{"rendered":"L\u00edder del Congreso analiza proceder legalmente contra mujer joven e ind\u00edgena"},"content":{"rendered":"\n<p><strong><em>&#8211; Alfredo S\u00e1nchez Esquivel sostiene que Yesenia Hern\u00e1ndez lo acus\u00f3 en los medios de usurpar una diputaci\u00f3n que le corresponde a los pueblos originarios, pero su impugnaci\u00f3n legal no tiene esa agravante<\/em><\/strong><\/p>\n\n\n\n<p><strong>Rogelio Agust\u00edn<\/strong><\/p>\n\n\n\n<p>El presidente de la Junta de Coordinaci\u00f3n Pol\u00edtica (Jucopo) del Congreso local, Alfredo S\u00e1nchez Esquivel analiza la posibilidad de proceder legalmente en contra de la joven ind\u00edgena, Yesenia Hern\u00e1ndez Jer\u00f3nimo por haberlo acusado p\u00fablicamente de usurpar una diputaci\u00f3n plurinominal correspondiente a los pueblos originarios, cuando eso nunca fue planteado como elemento de impugnaci\u00f3n ante el Tribunal Electoral del Estado de Guerrero (TEEGro).<\/p>\n\n\n\n<p>La jornada del jueves 12 de agosto, el pleno del TEEGro declar\u00f3 infundados e inoperantes los recursos de impugnaci\u00f3n que diferentes actores promovieron en contra de la lista de 18 diputados de Representaci\u00f3n Proporcional aprobada por el Instituto Electoral y de Participaci\u00f3n Ciudadana (IEPC)<\/p>\n\n\n\n<p>Entre las personas que impugnaron se encontraba el ex alcalde de Acapulco, Jes\u00fas Evodio Vel\u00e1zquez Aguirre; el diputado local Arturo Mart\u00ednez N\u00fa\u00f1ez y entre otros, la joven Hern\u00e1ndez Jer\u00f3nimo.<\/p>\n\n\n\n<p>En el caso de la militante de Morena, en diferentes encuentros con los medios hizo la acusaci\u00f3n de que el actual presidente de la Jucopo estaba usurpando un espacio que le correspond\u00eda a los pueblos originarios, ya que \u00e9l hab\u00eda presentado una constancia emitida por la Secretar\u00eda de Asuntos Ind\u00edgenas (SAI) en la que se asum\u00eda como integrante de la poblaci\u00f3n Tun Saavi.<\/p>\n\n\n\n<p>Sin embargo, en la resoluci\u00f3n emitida por el TEEGro, se destac\u00f3 que la joven Yesenia Hern\u00e1ndez impugn\u00f3 la integraci\u00f3n de la lista, pero no atac\u00f3 el caso concreto de Alfredo S\u00e1nchez como un espacio reservado para las comunidades ind\u00edgenas.<\/p>\n\n\n\n<p>Al respecto, el coordinador de la bancada de Morena en la 62 Legislatura local asever\u00f3 este viernes: \u201cQueda demostrado que hay personas que su proceder es de mala fe, que hacen uso de algo que se llama da\u00f1o moral y de la difamaci\u00f3n\u201d.<\/p>\n\n\n\n<p>Agreg\u00f3: \u201cLo digo por la compa\u00f1era Yesena Hern\u00e1dez, porque ella nunca me impugn\u00f3 a mi, ella impugn\u00f3 la distribuci\u00f3n de los 18 diputados plurinominales, pero se prest\u00f3 a la cuesti\u00f3n medi\u00e1tica para difamarme y generar da\u00f1o moral a un servidor\u201d.<\/p>\n\n\n\n<p>S\u00e1nchez Esquivel consider\u00f3 importante detallare la situaci\u00f3n: \u201cElla reclamaba la revisi\u00f3n de los 18 diputados plurinominales, pero descontextualiz\u00f3 el hecho de dirigirse hacia m\u00ed para difamarme y generar un da\u00f1o moral\u201d.<\/p>\n\n\n\n<p>En t\u00e9rminos concretos, refiri\u00f3 que en el caso de Yesenia Hern\u00e1ndez, lo que se declaraba en los medios no coincid\u00eda con lo que estaba escrito en la impugnaci\u00f3n, lo que para \u00e9l, deja claro que hubo dolo en el manejo de la informaci\u00f3n ante los medios.<\/p>\n\n\n\n<p>Por eso indic\u00f3: \u201cLa se\u00f1orita merece todo mi respeto, pero al mismo tiempo yo tambi\u00e9n merezco el respeto, queda demostrado ante tribunales que hubo un uso medi\u00e1tico para generar un da\u00f1o pol\u00edtico y da\u00f1o moral, porque una cosa era lo impugnado en el expediente y otra lo que se dec\u00eda en los medios de comunicaci\u00f3n\u201d.<\/p>\n\n\n\n<p>Si bien hubo un momento en que Hern\u00e1ndez Jer\u00f3nimo rectific\u00f3 y precis\u00f3 que impugnaba la decisi\u00f3n del IEPC y no al caso concreto de S\u00e1nchez Esquivel, refiere que fue despu\u00e9s de que hab\u00eda realizado por lo menos una marcha y lo hab\u00eda acusado de usurpaci\u00f3n ante los medios de comunicaci\u00f3n.<\/p>\n\n\n\n<p>Por eso sostuvo: \u201cQued\u00f3 demostrado que no le quit\u00e9 ning\u00fan espacio, que ella nunca me reclam\u00f3 a m\u00ed el haberle quitado un espacio y sobre todo, que alguien la mal aconsejo\u201d.<\/p>\n\n\n\n<p>Y vino la advertencia: \u201cDebo decir que la pol\u00edtica tambi\u00e9n tiene consecuencias legales, por eso yo me reservo mi derecho de proceder legalmente, porque yo solo estaba a la espera de que se demostrara que efectivamente, hubo un acto difamatorio contra un servidor, tratando de hacerlo quedar mal ante la sociedad y las comunidades\u201d.<\/p>\n\n\n\n<p>Insisti\u00f3: \u201cMe reservo mi derecho para proceder legalmente, porque lo correcto es que respondan por lo que hicieron, m\u00ednimo deben emitir una disculpa\u201d.<\/p>\n","protected":false},"excerpt":{"rendered":"<p>&#8211; Alfredo S\u00e1nchez Esquivel sostiene que Yesenia Hern\u00e1ndez lo acus\u00f3 en los medios de usurpar una diputaci\u00f3n que le corresponde a los pueblos originarios, pero su impugnaci\u00f3n legal no tiene&hellip; <\/p>\n","protected":false},"author":1,"featured_media":36252,"comment_status":"open","ping_status":"open","sticky":false,"template":"","format":"standard","meta":{"fifu_image_url":"","fifu_image_alt":"","footnotes":""},"categories":[21],"tags":[],"class_list":["post-36251","post","type-post","status-publish","format-standard","has-post-thumbnail","hentry","category-politica"],"_links":{"self":[{"href":"https:\/\/www.interaccionnoticias.com.mx\/index.php?rest_route=\/wp\/v2\/posts\/36251","targetHints":{"allow":["GET"]}}],"collection":[{"href":"https:\/\/www.interaccionnoticias.com.mx\/index.php?rest_route=\/wp\/v2\/posts"}],"about":[{"href":"https:\/\/www.interaccionnoticias.com.mx\/index.php?rest_route=\/wp\/v2\/types\/post"}],"author":[{"embeddable":true,"href":"https:\/\/www.interaccionnoticias.com.mx\/index.php?rest_route=\/wp\/v2\/users\/1"}],"replies":[{"embeddable":true,"href":"https:\/\/www.interaccionnoticias.com.mx\/index.php?rest_route=%2Fwp%2Fv2%2Fcomments&post=36251"}],"version-history":[{"count":0,"href":"https:\/\/www.interaccionnoticias.com.mx\/index.php?rest_route=\/wp\/v2\/posts\/36251\/revisions"}],"wp:featuredmedia":[{"embeddable":true,"href":"https:\/\/www.interaccionnoticias.com.mx\/index.php?rest_route=\/wp\/v2\/media\/36252"}],"wp:attachment":[{"href":"https:\/\/www.interaccionnoticias.com.mx\/index.php?rest_route=%2Fwp%2Fv2%2Fmedia&parent=36251"}],"wp:term":[{"taxonomy":"category","embeddable":true,"href":"https:\/\/www.interaccionnoticias.com.mx\/index.php?rest_route=%2Fwp%2Fv2%2Fcategories&post=36251"},{"taxonomy":"post_tag","embeddable":true,"href":"https:\/\/www.interaccionnoticias.com.mx\/index.php?rest_route=%2Fwp%2Fv2%2Ftags&post=36251"}],"curies":[{"name":"wp","href":"https:\/\/api.w.org\/{rel}","templated":true}]}}