{"id":36246,"date":"2021-08-13T17:08:53","date_gmt":"2021-08-13T22:08:53","guid":{"rendered":"http:\/\/www.inter-accion.com.mx\/?p=36246"},"modified":"2021-08-13T17:08:53","modified_gmt":"2021-08-13T22:08:53","slug":"36246","status":"publish","type":"post","link":"https:\/\/www.interaccionnoticias.com.mx\/?p=36246","title":{"rendered":"Profesores de contrato toman la Direcci\u00f3n de Personal de la SEG"},"content":{"rendered":"\n<p><strong><em>&#8211; Exigen la entrega de plazas<\/em><\/strong><\/p>\n\n\n\n<p><strong>Jes\u00fas Dorantes<\/strong><\/p>\n\n\n\n<p><strong>Chilpancingo, Gro.-<\/strong> Profesores de Educaci\u00f3n B\u00e1sica, quienes se desempe\u00f1an por contrato tomaron la Direcci\u00f3n de Personal de la Secretar\u00eda de Educaci\u00f3n Guerrero (SEG) para exigir la entrega de 47 plazas base.<\/p>\n\n\n\n<p>Pasado el mediod\u00eda del viernes, los inconformes acudieron de las diferentes regiones del estado para entregar la documentaci\u00f3n necesaria a las oficinas de Personal, ubicadas en la Colonia Universal.<\/p>\n\n\n\n<p>Aunque llevaban lo necesario para ser admitidos, recibieron una respuesta negativa por parte de los funcionarios que atienden en dichas instalaciones.<\/p>\n\n\n\n<p>En entrevista, los inconformes que reservaron sus identidades por temor a represalias, denunciaron que desde hace m\u00e1s de dos a\u00f1os laboran bajo contrato y por ley les corresponde una plaza base, misma que les niega por el personal de la SEG.<\/p>\n\n\n\n<p>Al exigir que fuera revisada su documentaci\u00f3n, se les argument\u00f3 que se buscar\u00eda al personal capacitado para antenderlos, por lo que decidieron tomar las instalaciones e impedir la salida y entrada del personal que labora en la direcci\u00f3n.<\/p>\n\n\n\n<p>Los maestros que no est\u00e1n agremiados a ning\u00fan sindicato, ni representan a ninguna corriente magisterial, ingresaron a las instalaciones y golpearon en varias ocasiones la puerta principal para exigir que fueran atendidos.<\/p>\n\n\n\n<p>Aseguraron que la toma de edificios es la \u00fanica forma en la que les dar\u00edan respuesta, ya que la Coordinadora Estatal de Trabajadores de la Educaci\u00f3n en Guerrero (CETEG) mantuvo tomadas dos semanas dichas oficinas y les fueron entregadas sus plazas, de tal suerte que decidieron imitarlos.<\/p>\n","protected":false},"excerpt":{"rendered":"<p>&#8211; Exigen la entrega de plazas Jes\u00fas Dorantes Chilpancingo, Gro.- Profesores de Educaci\u00f3n B\u00e1sica, quienes se desempe\u00f1an por contrato tomaron la Direcci\u00f3n de Personal de la Secretar\u00eda de Educaci\u00f3n Guerrero&hellip; <\/p>\n","protected":false},"author":1,"featured_media":0,"comment_status":"open","ping_status":"open","sticky":false,"template":"","format":"standard","meta":{"fifu_image_url":"","fifu_image_alt":"","footnotes":""},"categories":[6],"tags":[],"class_list":["post-36246","post","type-post","status-publish","format-standard","hentry","category-educacion"],"_links":{"self":[{"href":"https:\/\/www.interaccionnoticias.com.mx\/index.php?rest_route=\/wp\/v2\/posts\/36246","targetHints":{"allow":["GET"]}}],"collection":[{"href":"https:\/\/www.interaccionnoticias.com.mx\/index.php?rest_route=\/wp\/v2\/posts"}],"about":[{"href":"https:\/\/www.interaccionnoticias.com.mx\/index.php?rest_route=\/wp\/v2\/types\/post"}],"author":[{"embeddable":true,"href":"https:\/\/www.interaccionnoticias.com.mx\/index.php?rest_route=\/wp\/v2\/users\/1"}],"replies":[{"embeddable":true,"href":"https:\/\/www.interaccionnoticias.com.mx\/index.php?rest_route=%2Fwp%2Fv2%2Fcomments&post=36246"}],"version-history":[{"count":0,"href":"https:\/\/www.interaccionnoticias.com.mx\/index.php?rest_route=\/wp\/v2\/posts\/36246\/revisions"}],"wp:attachment":[{"href":"https:\/\/www.interaccionnoticias.com.mx\/index.php?rest_route=%2Fwp%2Fv2%2Fmedia&parent=36246"}],"wp:term":[{"taxonomy":"category","embeddable":true,"href":"https:\/\/www.interaccionnoticias.com.mx\/index.php?rest_route=%2Fwp%2Fv2%2Fcategories&post=36246"},{"taxonomy":"post_tag","embeddable":true,"href":"https:\/\/www.interaccionnoticias.com.mx\/index.php?rest_route=%2Fwp%2Fv2%2Ftags&post=36246"}],"curies":[{"name":"wp","href":"https:\/\/api.w.org\/{rel}","templated":true}]}}