{"id":36241,"date":"2021-08-13T16:17:33","date_gmt":"2021-08-13T21:17:33","guid":{"rendered":"http:\/\/www.inter-accion.com.mx\/?p=36241"},"modified":"2021-08-13T16:17:33","modified_gmt":"2021-08-13T21:17:33","slug":"36241","status":"publish","type":"post","link":"https:\/\/www.interaccionnoticias.com.mx\/?p=36241","title":{"rendered":"M\u00e1s muertes y m\u00e1s contagios en Guerrero"},"content":{"rendered":"\n<p><strong><em>&#8211; Acapulco con 17 decesos en las \u00faltimas 24 horas\u00a0<\/em><\/strong><\/p>\n\n\n\n<p><strong>Javier Trujillo\u00a0<\/strong><\/p>\n\n\n\n<p><strong>Acapulco, Gro. \u2013<\/strong> Con 694 casos y 30 fallecimientos por el virus del SAR-CoV2, en las \u00faltimas 24 horas, Acapulco, nuevamente vuelve a ser el centro de la pandemia en el estado de Guerrero.\u00a0<\/p>\n\n\n\n<p>Este viernes, al actualizar las cifras de la pandemia, Carlos de la Pe\u00f1a Pintos, secretario de Salud en la entidad, revel\u00f3 que en las \u00faltimas 24 horas se reportaron 32 fallecimientos por Covid-19.&nbsp;<\/p>\n\n\n\n<p>Con relaci\u00f3n a los 32 decesos, en el puerto de Acapulco se reportan 17, en Zihuatanejo 5, 4 en Petatl\u00e1n, y uno en los municipios de Coyuca de Ben\u00edtez, Ometepec, Teloloapan, Cuetzala, Ixcateopan, y Tlapehuala.&nbsp;<\/p>\n\n\n\n<p>De la Pe\u00f1a Pintos, precisa que en el estado se acumulan 59 mil 610 contagios y cinco mil 100 decesos. &nbsp;<\/p>\n\n\n\n<p>Explic\u00f3 que en lo que va de agosto, ya suman 380 personas fallecidas, lo que representa un promedio de 31.6 decesos diarios.&nbsp;<\/p>\n\n\n\n<p>As\u00ed, en la entidad, ya suman cuatro mil 151 casos activos, de los cuales mil 238 est\u00e1n en Chilpancingo, 463 en Acapulco, 444 en Zihuatanejo, 239 en Ometepec y con 165 se tienen en Iguala.&nbsp;<\/p>\n\n\n\n<p>De los casos nuevos de Covid-19, se indica que Acapulco registr\u00f3 221, Chilpancingo cien, Ometepec 34, Zihuatanejo 33, Iguala 24, Coyuca de Ben\u00edtez 21, Taxco de Alarc\u00f3n 18, y Pungarabato 16.&nbsp;<\/p>\n\n\n\n<p>Con respect\u00f3 a las hospitalizaciones se mantiene en 65%, de los cuales 503 son pacientes internados, de estos, 414 se reportan graves y 89 intubados.<\/p>\n","protected":false},"excerpt":{"rendered":"<p>&#8211; Acapulco con 17 decesos en las \u00faltimas 24 horas\u00a0 Javier Trujillo\u00a0 Acapulco, Gro. \u2013 Con 694 casos y 30 fallecimientos por el virus del SAR-CoV2, en las \u00faltimas 24&hellip; <\/p>\n","protected":false},"author":1,"featured_media":36242,"comment_status":"open","ping_status":"open","sticky":false,"template":"","format":"standard","meta":{"fifu_image_url":"","fifu_image_alt":"","footnotes":""},"categories":[3],"tags":[],"class_list":["post-36241","post","type-post","status-publish","format-standard","has-post-thumbnail","hentry","category-covid-19"],"_links":{"self":[{"href":"https:\/\/www.interaccionnoticias.com.mx\/index.php?rest_route=\/wp\/v2\/posts\/36241","targetHints":{"allow":["GET"]}}],"collection":[{"href":"https:\/\/www.interaccionnoticias.com.mx\/index.php?rest_route=\/wp\/v2\/posts"}],"about":[{"href":"https:\/\/www.interaccionnoticias.com.mx\/index.php?rest_route=\/wp\/v2\/types\/post"}],"author":[{"embeddable":true,"href":"https:\/\/www.interaccionnoticias.com.mx\/index.php?rest_route=\/wp\/v2\/users\/1"}],"replies":[{"embeddable":true,"href":"https:\/\/www.interaccionnoticias.com.mx\/index.php?rest_route=%2Fwp%2Fv2%2Fcomments&post=36241"}],"version-history":[{"count":0,"href":"https:\/\/www.interaccionnoticias.com.mx\/index.php?rest_route=\/wp\/v2\/posts\/36241\/revisions"}],"wp:featuredmedia":[{"embeddable":true,"href":"https:\/\/www.interaccionnoticias.com.mx\/index.php?rest_route=\/wp\/v2\/media\/36242"}],"wp:attachment":[{"href":"https:\/\/www.interaccionnoticias.com.mx\/index.php?rest_route=%2Fwp%2Fv2%2Fmedia&parent=36241"}],"wp:term":[{"taxonomy":"category","embeddable":true,"href":"https:\/\/www.interaccionnoticias.com.mx\/index.php?rest_route=%2Fwp%2Fv2%2Fcategories&post=36241"},{"taxonomy":"post_tag","embeddable":true,"href":"https:\/\/www.interaccionnoticias.com.mx\/index.php?rest_route=%2Fwp%2Fv2%2Ftags&post=36241"}],"curies":[{"name":"wp","href":"https:\/\/api.w.org\/{rel}","templated":true}]}}