{"id":36236,"date":"2021-08-13T14:34:14","date_gmt":"2021-08-13T19:34:14","guid":{"rendered":"http:\/\/www.inter-accion.com.mx\/?p=36236"},"modified":"2021-08-13T14:34:14","modified_gmt":"2021-08-13T19:34:14","slug":"36236","status":"publish","type":"post","link":"https:\/\/www.interaccionnoticias.com.mx\/?p=36236","title":{"rendered":"Se suspenden foros presenciales de \u00abTransformado Guerrero\u00bb"},"content":{"rendered":"\n<p><em><strong>&#8211; Las actividades virtuales se mantienen<\/strong><\/em><\/p>\n\n\n\n<p><strong>Jes\u00fas Dorantes<\/strong><\/p>\n\n\n\n<p><strong>Chilpancingo, Gro.-<\/strong> El elquipo de la gobernadora electa, Evelyn Salgado Pineda suspendi\u00f3 los foros presenciales denominados \u00abTransformado Guerrero\u00bb, a consecuencia del color Rojo en el Sem\u00e1foro Epidemiol\u00f3gico impuesto por el Covid 19.<\/p>\n\n\n\n<p>Por medio de un comunicado, este viernes 13 de agosto se dio a conocer que los Foros de Consulta y Participaci\u00f3n Ciudadana 2021, \u00abTransformando Guerrero\u00bb quedaron suspendidos en el aspecto presencial.<\/p>\n\n\n\n<p>Los foros de referencia, tienen como objetivo sentar las bases de lo que ser\u00e1 la plataforma del Gobierno de Evelyn Salgado Pineda, ganadora de los comicios del 6 de junio.<\/p>\n\n\n\n<p>Dichos foros quedaron suspendidos hasta que las autoridades sanitarias emitan una nueva declaratoria de sem\u00e1foro, en la que puedan existir las condiciones para realizarlos.<\/p>\n\n\n\n<p>El comunicado se establece que una de las prioridades del gobierno entrante es la salud de los guerrerenses, tomando la determinaci\u00f3n responsable de realizar una pausa en las actividades de consulta.<\/p>\n\n\n\n<p>En lo que respecta a la modalidad virtual, se confirma que los trabajos van a continuar, de tal manera que arrancar\u00e1n a partir del 15 de agosto.<\/p>\n\n\n\n<p>Por esa raz\u00f3n, el equipo de la gobernadora electa realiz\u00f3 una invitaci\u00f3n para que se pueda participar en ellos a todos los que se registraron para las actividades presenciales, con la intenci\u00f3n de que sus participaciones se rescaten.<\/p>\n","protected":false},"excerpt":{"rendered":"<p>&#8211; Las actividades virtuales se mantienen Jes\u00fas Dorantes Chilpancingo, Gro.- El elquipo de la gobernadora electa, Evelyn Salgado Pineda suspendi\u00f3 los foros presenciales denominados \u00abTransformado Guerrero\u00bb, a consecuencia del color&hellip; <\/p>\n","protected":false},"author":1,"featured_media":36237,"comment_status":"open","ping_status":"open","sticky":false,"template":"","format":"standard","meta":{"fifu_image_url":"","fifu_image_alt":"","footnotes":""},"categories":[11],"tags":[],"class_list":["post-36236","post","type-post","status-publish","format-standard","has-post-thumbnail","hentry","category-guerrero"],"_links":{"self":[{"href":"https:\/\/www.interaccionnoticias.com.mx\/index.php?rest_route=\/wp\/v2\/posts\/36236","targetHints":{"allow":["GET"]}}],"collection":[{"href":"https:\/\/www.interaccionnoticias.com.mx\/index.php?rest_route=\/wp\/v2\/posts"}],"about":[{"href":"https:\/\/www.interaccionnoticias.com.mx\/index.php?rest_route=\/wp\/v2\/types\/post"}],"author":[{"embeddable":true,"href":"https:\/\/www.interaccionnoticias.com.mx\/index.php?rest_route=\/wp\/v2\/users\/1"}],"replies":[{"embeddable":true,"href":"https:\/\/www.interaccionnoticias.com.mx\/index.php?rest_route=%2Fwp%2Fv2%2Fcomments&post=36236"}],"version-history":[{"count":0,"href":"https:\/\/www.interaccionnoticias.com.mx\/index.php?rest_route=\/wp\/v2\/posts\/36236\/revisions"}],"wp:featuredmedia":[{"embeddable":true,"href":"https:\/\/www.interaccionnoticias.com.mx\/index.php?rest_route=\/wp\/v2\/media\/36237"}],"wp:attachment":[{"href":"https:\/\/www.interaccionnoticias.com.mx\/index.php?rest_route=%2Fwp%2Fv2%2Fmedia&parent=36236"}],"wp:term":[{"taxonomy":"category","embeddable":true,"href":"https:\/\/www.interaccionnoticias.com.mx\/index.php?rest_route=%2Fwp%2Fv2%2Fcategories&post=36236"},{"taxonomy":"post_tag","embeddable":true,"href":"https:\/\/www.interaccionnoticias.com.mx\/index.php?rest_route=%2Fwp%2Fv2%2Ftags&post=36236"}],"curies":[{"name":"wp","href":"https:\/\/api.w.org\/{rel}","templated":true}]}}