{"id":36231,"date":"2021-08-13T14:07:34","date_gmt":"2021-08-13T19:07:34","guid":{"rendered":"http:\/\/www.inter-accion.com.mx\/?p=36231"},"modified":"2021-08-13T14:07:34","modified_gmt":"2021-08-13T19:07:34","slug":"36231","status":"publish","type":"post","link":"https:\/\/www.interaccionnoticias.com.mx\/?p=36231","title":{"rendered":"Convoca la CETEG a no firmar carta responsiva de la SEP"},"content":{"rendered":"\n<p><strong>Jes\u00fas Dorantes<\/strong><\/p>\n\n\n\n<p><strong>Chilpancingo, Gro.-<\/strong> Integrantes de la Cordinadora Estatal de Trabajadores de la Educaci\u00f3n de Guerrero (CETEG) hicieron un llamado a sus compa\u00f1eros en las siete regiones, en el sentido de no firmar la \u00abCarta Responsiva\u00bb que exhime de toda responsabilidad al Gobierno de la Rep\u00fablica, por las consecuencias que pueda tener el regreso a clases presenciales.<\/p>\n\n\n\n<p>En rueda de prensa, V\u00edctor Bartolo de la Cruz, representante de la Comisi\u00f3n Estatal y Nacional de la CETEG lanz\u00f3 un llamado a no firmar el documento que contiene las 10 acciones preventivas presentadas por el gobierno federal, en el contexto delo que se considera como el \u00abInminente regreso a clases\u00bb.<\/p>\n\n\n\n<p>El dirigente destac\u00f3 que la reanudaci\u00f3n de las clases representa un riesgo para los alumnos y profesores, al no contar con las condiciones necesarias, como son aulas sanitizadas, personal vacunado en su totalidad y el color verde en el Sem\u00e1foro epidemiol\u00f3gico.<\/p>\n\n\n\n<p>Adem\u00e1s, dijo que las aulas deben cumplir con caracter\u00edsticas como trabajo de mantenimiento, ventilaci\u00f3n adecuada, el consenso con los padres de familia y que el Covid-19 se considere riesgo de trabajo.<\/p>\n\n\n\n<p>Denunciaron que existen supuestos dirigentes del magisterio guerrerense que se reunieron con el secretario de Educaci\u00f3n en el estado, Heriberto Huicochea V\u00e1zquez, pero lo hicieron de espaldas a las bases, por lo que s\u00fa llamado no tiene mayor efecto.<\/p>\n","protected":false},"excerpt":{"rendered":"<p>Jes\u00fas Dorantes Chilpancingo, Gro.- Integrantes de la Cordinadora Estatal de Trabajadores de la Educaci\u00f3n de Guerrero (CETEG) hicieron un llamado a sus compa\u00f1eros en las siete regiones, en el sentido&hellip; <\/p>\n","protected":false},"author":1,"featured_media":36232,"comment_status":"open","ping_status":"open","sticky":false,"template":"","format":"standard","meta":{"fifu_image_url":"","fifu_image_alt":"","footnotes":""},"categories":[6],"tags":[66],"class_list":["post-36231","post","type-post","status-publish","format-standard","has-post-thumbnail","hentry","category-educacion","tag-ceteg"],"_links":{"self":[{"href":"https:\/\/www.interaccionnoticias.com.mx\/index.php?rest_route=\/wp\/v2\/posts\/36231","targetHints":{"allow":["GET"]}}],"collection":[{"href":"https:\/\/www.interaccionnoticias.com.mx\/index.php?rest_route=\/wp\/v2\/posts"}],"about":[{"href":"https:\/\/www.interaccionnoticias.com.mx\/index.php?rest_route=\/wp\/v2\/types\/post"}],"author":[{"embeddable":true,"href":"https:\/\/www.interaccionnoticias.com.mx\/index.php?rest_route=\/wp\/v2\/users\/1"}],"replies":[{"embeddable":true,"href":"https:\/\/www.interaccionnoticias.com.mx\/index.php?rest_route=%2Fwp%2Fv2%2Fcomments&post=36231"}],"version-history":[{"count":0,"href":"https:\/\/www.interaccionnoticias.com.mx\/index.php?rest_route=\/wp\/v2\/posts\/36231\/revisions"}],"wp:featuredmedia":[{"embeddable":true,"href":"https:\/\/www.interaccionnoticias.com.mx\/index.php?rest_route=\/wp\/v2\/media\/36232"}],"wp:attachment":[{"href":"https:\/\/www.interaccionnoticias.com.mx\/index.php?rest_route=%2Fwp%2Fv2%2Fmedia&parent=36231"}],"wp:term":[{"taxonomy":"category","embeddable":true,"href":"https:\/\/www.interaccionnoticias.com.mx\/index.php?rest_route=%2Fwp%2Fv2%2Fcategories&post=36231"},{"taxonomy":"post_tag","embeddable":true,"href":"https:\/\/www.interaccionnoticias.com.mx\/index.php?rest_route=%2Fwp%2Fv2%2Ftags&post=36231"}],"curies":[{"name":"wp","href":"https:\/\/api.w.org\/{rel}","templated":true}]}}