{"id":3622,"date":"2017-04-19T20:36:12","date_gmt":"2017-04-20T01:36:12","guid":{"rendered":"http:\/\/www.inter-accion.com.mx\/?p=3622"},"modified":"2017-04-19T20:36:12","modified_gmt":"2017-04-20T01:36:12","slug":"primer-accidente-en-el-macrotunel-de-acapulco","status":"publish","type":"post","link":"https:\/\/www.interaccionnoticias.com.mx\/?p=3622","title":{"rendered":"Primer accidente en el Macrot\u00fanel de Acapulco"},"content":{"rendered":"<p>*Una camioneta a exceso de velocidad se volc\u00f3<br \/>\n&nbsp;<br \/>\n&nbsp;<br \/>\nAcapulco, Gro.- Se registr\u00f3 el primer accidente, al interior del Macrot\u00fanel, sin que se reporten v\u00edctimas hasta el momento, informaron autoridades de Protecci\u00f3n Civil de Acapulco.<br \/>\nLa volcadura fue de una camioneta marca Renault, tipo kangoo, blanca donde viajaban dos personas, ambos sin lesiones y ocurri\u00f3 aproximadamente a las 17 horas al interior de la reci\u00e9n inaugurada obra.<br \/>\nDe acuerdo con autoridades viales, se presume que el accidente ocurri\u00f3 debido al exceso de velocidad con que conduc\u00edan la unidad del servicio p\u00fablico y que fue auxiliada por el personal del t\u00fanel.<br \/>\nDurante el percance, la vialidad se vio afectada, ya que la unidad qued\u00f3 atravesada e invadi\u00f3 los dos carriles de circulaci\u00f3n.<\/p>\n","protected":false},"excerpt":{"rendered":"<p>*Una camioneta a exceso de velocidad se volc\u00f3 &nbsp; &nbsp; Acapulco, Gro.- Se registr\u00f3 el primer accidente, al interior del Macrot\u00fanel, sin que se reporten v\u00edctimas hasta el momento, informaron&hellip; <\/p>\n","protected":false},"author":1,"featured_media":0,"comment_status":"open","ping_status":"open","sticky":false,"template":"","format":"standard","meta":{"fifu_image_url":"","fifu_image_alt":"","footnotes":""},"categories":[8,11],"tags":[],"class_list":["post-3622","post","type-post","status-publish","format-standard","hentry","category-featured","category-guerrero"],"_links":{"self":[{"href":"https:\/\/www.interaccionnoticias.com.mx\/index.php?rest_route=\/wp\/v2\/posts\/3622","targetHints":{"allow":["GET"]}}],"collection":[{"href":"https:\/\/www.interaccionnoticias.com.mx\/index.php?rest_route=\/wp\/v2\/posts"}],"about":[{"href":"https:\/\/www.interaccionnoticias.com.mx\/index.php?rest_route=\/wp\/v2\/types\/post"}],"author":[{"embeddable":true,"href":"https:\/\/www.interaccionnoticias.com.mx\/index.php?rest_route=\/wp\/v2\/users\/1"}],"replies":[{"embeddable":true,"href":"https:\/\/www.interaccionnoticias.com.mx\/index.php?rest_route=%2Fwp%2Fv2%2Fcomments&post=3622"}],"version-history":[{"count":0,"href":"https:\/\/www.interaccionnoticias.com.mx\/index.php?rest_route=\/wp\/v2\/posts\/3622\/revisions"}],"wp:attachment":[{"href":"https:\/\/www.interaccionnoticias.com.mx\/index.php?rest_route=%2Fwp%2Fv2%2Fmedia&parent=3622"}],"wp:term":[{"taxonomy":"category","embeddable":true,"href":"https:\/\/www.interaccionnoticias.com.mx\/index.php?rest_route=%2Fwp%2Fv2%2Fcategories&post=3622"},{"taxonomy":"post_tag","embeddable":true,"href":"https:\/\/www.interaccionnoticias.com.mx\/index.php?rest_route=%2Fwp%2Fv2%2Ftags&post=3622"}],"curies":[{"name":"wp","href":"https:\/\/api.w.org\/{rel}","templated":true}]}}