{"id":3616,"date":"2017-04-19T19:40:47","date_gmt":"2017-04-20T00:40:47","guid":{"rendered":"http:\/\/www.inter-accion.com.mx\/?p=3616"},"modified":"2017-04-19T19:40:47","modified_gmt":"2017-04-20T00:40:47","slug":"el-centro-morelos-solicito-al-gobierno-federal-que-inicie-la-busqueda-de-personas-desaparecidas-en-chilapa","status":"publish","type":"post","link":"https:\/\/www.interaccionnoticias.com.mx\/?p=3616","title":{"rendered":"El Centro Morelos, solicit\u00f3 al gobierno federal que inicie la b\u00fasqueda de personas desaparecidas en Chilapa"},"content":{"rendered":"<p>* La violencia inhibe la participaci\u00f3n de la ciudadan\u00eda<br \/>\n&nbsp;<br \/>\n&nbsp;<br \/>\nEl Centro de Derechos Humanos, Jos\u00e9 Mar\u00eda Morelos y Pav\u00f3n solicit\u00f3 que el gobierno federal encabece la b\u00fasqueda de personas desaparecidas en Chilapa, municipio ubicado en la regi\u00f3n Centro de Guerrero, en donde colectivos independientes han suspendido las tareas ante la violencia que prevalece entre grupos del crimen organizado.<br \/>\nManuel Olivares Hern\u00e1ndez, representante del Centro Morelos, sostuvo que en el caso de Chilapa, ni en los d\u00edas m\u00e1s importantes de la Semana Santa hubo tregua entre los grupos delictivos que se disputan el control de la zona.<br \/>\nSostuvo que los cr\u00edmenes siguieron, pese a la presencia de militares y polic\u00edas en la cabecera municipal y solo algunos puntos del \u00e1rea rural.<br \/>\nAsegur\u00f3 que por miedo, muchos medios de comunicaci\u00f3n ocultan la informaci\u00f3n, ya que la presi\u00f3n de las organizaciones delictivas alcanza incluso a las redes sociales.<br \/>\nRecord\u00f3 que por lo menos en dos ocasiones, el colectivo \u201cLos otros desaparecidos\u201d ha suspendido la b\u00fasqueda de desaparecidos, principalmente por la falta de voluntad para otorgar las condiciones de seguridad para que se realicen las denominadas b\u00fasquedas ciudadanas.<br \/>\nPara Olivares Hern\u00e1ndez, es completamente incongruente que ante un escenario como el que vive Chilapa, sean las familias las que deban realizar la b\u00fasqueda de personas desaparecidas, cuando esa es una responsabilidad del Estado.<br \/>\n\u201cEso solamente nos dice que no existe ning\u00fan trabajo decidido, no hay ning\u00fan protocolo por parte de las autoridades, de tal manera que la poblaci\u00f3n se ve en la obligaci\u00f3n de realizar sus propias b\u00fasquedas\u201d, anot\u00f3.<br \/>\nManuel Olivares sostuvo que para muchos funcionarios del \u00e1rea de la Seguridad P\u00fablica, lo ideal ser\u00eda que el tema de las desapariciones en Guerrero quedara oculto, sin embargo, el informe que ha presentado la Comisi\u00f3n Nacional de los Derechos Humanos (CNDH) en torno a las fosas clandestinas, deja en claro que Guerrero est\u00e1 entre los principales lugares a nivel nacional.<br \/>\nEn consecuencia, dijo que la b\u00fasqueda de personas desaparecidas debe correr a cargo del gobierno federal, en coadyuvancia con las autoridades estatales.<br \/>\nPara dicho trabajo, manifest\u00f3 que se debe utilizar la tecnolog\u00eda m\u00e1s avanzada que hay en el mundo, principalmente cuando se sabe que en M\u00e9xico hay m\u00e1s de 30 mil desaparecidos, que muchos de ellos son buscados en el estado de Guerrero.<br \/>\nMientras eso no suceda, refiri\u00f3 que lo que se diga de manera oficial en el tema de las desapariciones ser\u00e1 una mera simulaci\u00f3n.<\/p>\n","protected":false},"excerpt":{"rendered":"<p>* La violencia inhibe la participaci\u00f3n de la ciudadan\u00eda &nbsp; &nbsp; El Centro de Derechos Humanos, Jos\u00e9 Mar\u00eda Morelos y Pav\u00f3n solicit\u00f3 que el gobierno federal encabece la b\u00fasqueda de&hellip; <\/p>\n","protected":false},"author":1,"featured_media":0,"comment_status":"open","ping_status":"open","sticky":false,"template":"","format":"standard","meta":{"fifu_image_url":"","fifu_image_alt":"","footnotes":""},"categories":[8,23],"tags":[],"class_list":["post-3616","post","type-post","status-publish","format-standard","hentry","category-featured","category-regionales"],"_links":{"self":[{"href":"https:\/\/www.interaccionnoticias.com.mx\/index.php?rest_route=\/wp\/v2\/posts\/3616","targetHints":{"allow":["GET"]}}],"collection":[{"href":"https:\/\/www.interaccionnoticias.com.mx\/index.php?rest_route=\/wp\/v2\/posts"}],"about":[{"href":"https:\/\/www.interaccionnoticias.com.mx\/index.php?rest_route=\/wp\/v2\/types\/post"}],"author":[{"embeddable":true,"href":"https:\/\/www.interaccionnoticias.com.mx\/index.php?rest_route=\/wp\/v2\/users\/1"}],"replies":[{"embeddable":true,"href":"https:\/\/www.interaccionnoticias.com.mx\/index.php?rest_route=%2Fwp%2Fv2%2Fcomments&post=3616"}],"version-history":[{"count":0,"href":"https:\/\/www.interaccionnoticias.com.mx\/index.php?rest_route=\/wp\/v2\/posts\/3616\/revisions"}],"wp:attachment":[{"href":"https:\/\/www.interaccionnoticias.com.mx\/index.php?rest_route=%2Fwp%2Fv2%2Fmedia&parent=3616"}],"wp:term":[{"taxonomy":"category","embeddable":true,"href":"https:\/\/www.interaccionnoticias.com.mx\/index.php?rest_route=%2Fwp%2Fv2%2Fcategories&post=3616"},{"taxonomy":"post_tag","embeddable":true,"href":"https:\/\/www.interaccionnoticias.com.mx\/index.php?rest_route=%2Fwp%2Fv2%2Ftags&post=3616"}],"curies":[{"name":"wp","href":"https:\/\/api.w.org\/{rel}","templated":true}]}}