{"id":36153,"date":"2021-08-11T12:43:25","date_gmt":"2021-08-11T17:43:25","guid":{"rendered":"http:\/\/www.inter-accion.com.mx\/?p=36153"},"modified":"2021-08-11T12:43:25","modified_gmt":"2021-08-11T17:43:25","slug":"36153","status":"publish","type":"post","link":"https:\/\/www.interaccionnoticias.com.mx\/?p=36153","title":{"rendered":"Encuentran tres cad\u00e1veres en la salida sur de Chilpancingo"},"content":{"rendered":"\n<p><strong><em>&#8211; Se trata de tres hombres j\u00f3venes, privados de la libertad desde el martes<\/em><\/strong><\/p>\n\n\n\n<p><strong>Rogelio Agust\u00edn<\/strong><\/p>\n\n\n\n<p>La polic\u00eda del estado confirm\u00f3 el hallazgo de tres cad\u00e1veres de var\u00f3n, mismos que fueron abandonados dentro de una camioneta sobre la carretera federal M\u00e9xico-Acapulco, en el tramo que va de la cabecera municipal de Chilpancingo hacia la comunidad de Petaquillas.<\/p>\n\n\n\n<p>Pasadas las 12:00 horas de este mi\u00e9rcoles, familiares de tres personas que hab\u00edan sido reportadas como desaparecidas alertaron a la polic\u00eda sobre la ubicaci\u00f3n del veh\u00edculo de cotidianamente utilizaban para trabajar.<\/p>\n\n\n\n<p>Se trata de una camioneta habilitada con una estructura tipo jaula para trasladar material de reciclaje, misma que fue abandonada a la altura de la colonia Real del Valle, sobre la carretera federal M\u00e9xico-Acapulco, en la salida sur de la ciudad.<\/p>\n","protected":false},"excerpt":{"rendered":"<p>&#8211; Se trata de tres hombres j\u00f3venes, privados de la libertad desde el martes Rogelio Agust\u00edn La polic\u00eda del estado confirm\u00f3 el hallazgo de tres cad\u00e1veres de var\u00f3n, mismos que&hellip; <\/p>\n","protected":false},"author":1,"featured_media":36152,"comment_status":"open","ping_status":"open","sticky":false,"template":"","format":"standard","meta":{"fifu_image_url":"","fifu_image_alt":"","footnotes":""},"categories":[27],"tags":[],"class_list":["post-36153","post","type-post","status-publish","format-standard","has-post-thumbnail","hentry","category-seguridad-publica"],"_links":{"self":[{"href":"https:\/\/www.interaccionnoticias.com.mx\/index.php?rest_route=\/wp\/v2\/posts\/36153","targetHints":{"allow":["GET"]}}],"collection":[{"href":"https:\/\/www.interaccionnoticias.com.mx\/index.php?rest_route=\/wp\/v2\/posts"}],"about":[{"href":"https:\/\/www.interaccionnoticias.com.mx\/index.php?rest_route=\/wp\/v2\/types\/post"}],"author":[{"embeddable":true,"href":"https:\/\/www.interaccionnoticias.com.mx\/index.php?rest_route=\/wp\/v2\/users\/1"}],"replies":[{"embeddable":true,"href":"https:\/\/www.interaccionnoticias.com.mx\/index.php?rest_route=%2Fwp%2Fv2%2Fcomments&post=36153"}],"version-history":[{"count":0,"href":"https:\/\/www.interaccionnoticias.com.mx\/index.php?rest_route=\/wp\/v2\/posts\/36153\/revisions"}],"wp:featuredmedia":[{"embeddable":true,"href":"https:\/\/www.interaccionnoticias.com.mx\/index.php?rest_route=\/wp\/v2\/media\/36152"}],"wp:attachment":[{"href":"https:\/\/www.interaccionnoticias.com.mx\/index.php?rest_route=%2Fwp%2Fv2%2Fmedia&parent=36153"}],"wp:term":[{"taxonomy":"category","embeddable":true,"href":"https:\/\/www.interaccionnoticias.com.mx\/index.php?rest_route=%2Fwp%2Fv2%2Fcategories&post=36153"},{"taxonomy":"post_tag","embeddable":true,"href":"https:\/\/www.interaccionnoticias.com.mx\/index.php?rest_route=%2Fwp%2Fv2%2Ftags&post=36153"}],"curies":[{"name":"wp","href":"https:\/\/api.w.org\/{rel}","templated":true}]}}