{"id":36148,"date":"2021-08-10T21:13:00","date_gmt":"2021-08-11T02:13:00","guid":{"rendered":"http:\/\/www.inter-accion.com.mx\/?p=36148"},"modified":"2021-08-10T21:13:00","modified_gmt":"2021-08-11T02:13:00","slug":"36148","status":"publish","type":"post","link":"https:\/\/www.interaccionnoticias.com.mx\/?p=36148","title":{"rendered":"Confirman cierre de bares, discotecas, cervecer\u00edas y salones de fiestas en Chilpancingo"},"content":{"rendered":"\n<p><strong><em>&#8211; Para reducir los indicadores de contagios de Covid-19<\/em><\/strong><\/p>\n\n\n\n<p><strong>Chilpancingo, Guerrero, a 10 de agosto de 2021.-<\/strong> El gobierno de Chilpancingo, que encabeza Antonio Gaspar Beltr\u00e1n, anunci\u00f3 que ante el regreso a sem\u00e1foro rojo y las nuevas medidas restrictivas por el aumento de casos de COVID-19, fueron suspendidas las actividades en centros nocturnos, bares, cervecer\u00edas y salones de eventos sociales, en la ciudad.<\/p>\n\n\n\n<p>El director de Gobernaci\u00f3n Municipal, Gustavo Uriel Jim\u00e9nez \u00c1valos, inform\u00f3 que de acuerdo a datos oficiales publicados en el decreto del diario oficial del Gobierno del Estado de Guerrero, los restaurantes funcionar\u00e1n hasta las 23 horas y la venta de bebidas alcoh\u00f3licas quedar\u00e1 prohibida a partir de las seis de la tarde.<\/p>\n\n\n\n<p>En cuanto a los mercados de la ciudad, Gustavo Uriel puntualiz\u00f3 que funcionar\u00e1n hasta las seis de la tarde y la entrada estar\u00e1 restringida a una sola persona por familia, a fin de evitar aglomeraciones que puedan propiciar contagios por COVID-19.<\/p>\n\n\n\n<p>El funcionario municipal dijo que esta semana comenzaron los operativos en coordinaci\u00f3n con las diversas corporaciones policiacas, como lo es la polic\u00eda Municipal y Estatal, as\u00ed como de la Guardia Nacional (GN), la Secretar\u00eda de Salud Municipal y la Copriseg, para dar cumplimiento a las medidas sanitarias correspondientes, en los lugares que tienen horario de funcionamiento.<\/p>\n\n\n\n<p>Jim\u00e9nez \u00c1valos exhort\u00f3 a los encargados de los establecimientos mercantiles a cumplir con estos protocolos en cuanto a las restricciones debidas l cambio en el sem\u00e1foro epidemiol\u00f3gico, de lo contrario, se proceder\u00e1 a la clausura de los negocios.<\/p>\n","protected":false},"excerpt":{"rendered":"<p>&#8211; Para reducir los indicadores de contagios de Covid-19 Chilpancingo, Guerrero, a 10 de agosto de 2021.- El gobierno de Chilpancingo, que encabeza Antonio Gaspar Beltr\u00e1n, anunci\u00f3 que ante el&hellip; <\/p>\n","protected":false},"author":1,"featured_media":35952,"comment_status":"open","ping_status":"open","sticky":false,"template":"","format":"standard","meta":{"fifu_image_url":"","fifu_image_alt":"","footnotes":""},"categories":[13],"tags":[],"class_list":["post-36148","post","type-post","status-publish","format-standard","has-post-thumbnail","hentry","category-capital"],"_links":{"self":[{"href":"https:\/\/www.interaccionnoticias.com.mx\/index.php?rest_route=\/wp\/v2\/posts\/36148","targetHints":{"allow":["GET"]}}],"collection":[{"href":"https:\/\/www.interaccionnoticias.com.mx\/index.php?rest_route=\/wp\/v2\/posts"}],"about":[{"href":"https:\/\/www.interaccionnoticias.com.mx\/index.php?rest_route=\/wp\/v2\/types\/post"}],"author":[{"embeddable":true,"href":"https:\/\/www.interaccionnoticias.com.mx\/index.php?rest_route=\/wp\/v2\/users\/1"}],"replies":[{"embeddable":true,"href":"https:\/\/www.interaccionnoticias.com.mx\/index.php?rest_route=%2Fwp%2Fv2%2Fcomments&post=36148"}],"version-history":[{"count":0,"href":"https:\/\/www.interaccionnoticias.com.mx\/index.php?rest_route=\/wp\/v2\/posts\/36148\/revisions"}],"wp:featuredmedia":[{"embeddable":true,"href":"https:\/\/www.interaccionnoticias.com.mx\/index.php?rest_route=\/wp\/v2\/media\/35952"}],"wp:attachment":[{"href":"https:\/\/www.interaccionnoticias.com.mx\/index.php?rest_route=%2Fwp%2Fv2%2Fmedia&parent=36148"}],"wp:term":[{"taxonomy":"category","embeddable":true,"href":"https:\/\/www.interaccionnoticias.com.mx\/index.php?rest_route=%2Fwp%2Fv2%2Fcategories&post=36148"},{"taxonomy":"post_tag","embeddable":true,"href":"https:\/\/www.interaccionnoticias.com.mx\/index.php?rest_route=%2Fwp%2Fv2%2Ftags&post=36148"}],"curies":[{"name":"wp","href":"https:\/\/api.w.org\/{rel}","templated":true}]}}