{"id":36126,"date":"2021-08-10T17:14:00","date_gmt":"2021-08-10T22:14:00","guid":{"rendered":"http:\/\/www.inter-accion.com.mx\/?p=36126"},"modified":"2021-08-10T17:14:00","modified_gmt":"2021-08-10T22:14:00","slug":"36126","status":"publish","type":"post","link":"https:\/\/www.interaccionnoticias.com.mx\/?p=36126","title":{"rendered":"Choque deja siete lesionados"},"content":{"rendered":"\n<p><strong><em>&#8211; Se impacta un cami\u00f3n contra un tr\u00e1iler<br>&#8211; Trasladan a heridos a hospitales<\/em><\/strong><\/p>\n\n\n\n<p><strong>Javier Trujillo<\/strong><\/p>\n\n\n\n<p><strong>Acapulco, Gro.-<\/strong> Un choque entre un autob\u00fas de pasajeros y un tr\u00e1iler, dej\u00f3 como saldo siete personas lesionadas, la madrugada de este martes en la Autopista del Sol, del municipio de Juan R Escudero del stado de Guerrero.<\/p>\n\n\n\n<p>Alrededor de las 02:14 horas, la madrugada de este martes a trav\u00e9s del 911, reportaron un choque vehicular en la autopista del Sol Mexico, Acapulco en el kil\u00f3metro 330 de esta localidad cerca de la cabecera de Tierra Colorada.<\/p>\n\n\n\n<p>La colici\u00f3n ocurri\u00f3 en el retorno de la comunidad de San Mart\u00edn Jobero, entre un autobus de la linea \u00abG\u00e9nesis\u00bb, que ven\u00eda procedente del municipio de Ometepec, con destino a la Ciudad de Mexico, y se impacto contra un trailer, con varias personas lesionadas.<\/p>\n\n\n\n<p>Al lugar acudieron param\u00e9dicos de la secretar\u00eda adscritos al Centro de Atenci\u00f3n a Emergencias de la regi\u00f3n Centro y en coordinaci\u00f3n con personal de CAPUFE, Bomberos municipales de Acapulco y Cruz Roja Mexicana.<\/p>\n\n\n\n<p>El informe refiere que se tiene conocimiento de siete personas lesionadas y trasladadas a los hospitales de Acapulco y Chilpancingo.<\/p>\n\n\n\n<p>Personal de la SPC del estado traslado a cuatro lesionados al hospital general de Chilpancingo, entre ellos a Olegaria Martinez Santiago de 20 a\u00f1os, policontundida. Esperanza Rodr\u00edguez Mart\u00ednez 56 a\u00f1os diagnostico probable fractura de miembro inferior derecho, ambas de Topilejo en la Ciudad de M\u00e9xico.<\/p>\n\n\n\n<p>As\u00ed como Anah\u00ed Garc\u00eda Ju\u00e1rez 29 a\u00f1os de edad, con probable luxaci\u00f3n de cadera del lado derecho, originaria de El Calvario, municipio de Ometepec en Guerrero.<\/p>\n\n\n\n<p>Mientras que Liberio Francisco Alvarado 27 a\u00f1os de edad, con fractura de la pierna derecha, y con domicilio en Guadalupe Victoria, municipio de Xochistlahuaca, en la regi\u00f3n de la Costa Chica del estado.<\/p>\n\n\n\n<p>En tanto, se report\u00f3 que ambulancias de CAPUFE, traslado a tres personas al hospital del Quemado, en el puerto de Acapulco.<\/p>\n\n\n\n<p>Entre ellas Lorena Herrera Ramirez de 35 a\u00f1os, Yenifer Marquinas Alcantara de 28 a\u00f1os y un hombre que se encuentra en calidad de desconocido.<\/p>\n","protected":false},"excerpt":{"rendered":"<p>&#8211; Se impacta un cami\u00f3n contra un tr\u00e1iler&#8211; Trasladan a heridos a hospitales Javier Trujillo Acapulco, Gro.- Un choque entre un autob\u00fas de pasajeros y un tr\u00e1iler, dej\u00f3 como saldo&hellip; <\/p>\n","protected":false},"author":1,"featured_media":35951,"comment_status":"open","ping_status":"open","sticky":false,"template":"","format":"standard","meta":{"fifu_image_url":"","fifu_image_alt":"","footnotes":""},"categories":[27],"tags":[],"class_list":["post-36126","post","type-post","status-publish","format-standard","has-post-thumbnail","hentry","category-seguridad-publica"],"_links":{"self":[{"href":"https:\/\/www.interaccionnoticias.com.mx\/index.php?rest_route=\/wp\/v2\/posts\/36126","targetHints":{"allow":["GET"]}}],"collection":[{"href":"https:\/\/www.interaccionnoticias.com.mx\/index.php?rest_route=\/wp\/v2\/posts"}],"about":[{"href":"https:\/\/www.interaccionnoticias.com.mx\/index.php?rest_route=\/wp\/v2\/types\/post"}],"author":[{"embeddable":true,"href":"https:\/\/www.interaccionnoticias.com.mx\/index.php?rest_route=\/wp\/v2\/users\/1"}],"replies":[{"embeddable":true,"href":"https:\/\/www.interaccionnoticias.com.mx\/index.php?rest_route=%2Fwp%2Fv2%2Fcomments&post=36126"}],"version-history":[{"count":0,"href":"https:\/\/www.interaccionnoticias.com.mx\/index.php?rest_route=\/wp\/v2\/posts\/36126\/revisions"}],"wp:featuredmedia":[{"embeddable":true,"href":"https:\/\/www.interaccionnoticias.com.mx\/index.php?rest_route=\/wp\/v2\/media\/35951"}],"wp:attachment":[{"href":"https:\/\/www.interaccionnoticias.com.mx\/index.php?rest_route=%2Fwp%2Fv2%2Fmedia&parent=36126"}],"wp:term":[{"taxonomy":"category","embeddable":true,"href":"https:\/\/www.interaccionnoticias.com.mx\/index.php?rest_route=%2Fwp%2Fv2%2Fcategories&post=36126"},{"taxonomy":"post_tag","embeddable":true,"href":"https:\/\/www.interaccionnoticias.com.mx\/index.php?rest_route=%2Fwp%2Fv2%2Ftags&post=36126"}],"curies":[{"name":"wp","href":"https:\/\/api.w.org\/{rel}","templated":true}]}}