{"id":36117,"date":"2021-08-10T17:20:00","date_gmt":"2021-08-10T22:20:00","guid":{"rendered":"http:\/\/www.inter-accion.com.mx\/?p=36117"},"modified":"2021-08-10T17:20:00","modified_gmt":"2021-08-10T22:20:00","slug":"36117","status":"publish","type":"post","link":"https:\/\/www.interaccionnoticias.com.mx\/?p=36117","title":{"rendered":"Detienen a homicida que priv\u00f3 a tres personas de la vida"},"content":{"rendered":"\n<p><em><strong>&#8211; Hechos ocurridos en Acapulco<br>&#8211; Entre las v\u00edctimas una f\u00e9mina<\/strong><\/em><\/p>\n\n\n\n<p><strong>Javier Trujillo<\/strong><\/p>\n\n\n\n<p><strong>Acapulco, Gro.-<\/strong> Cinco d\u00edas despu\u00e9s del triple homicidio cometido al interior del bar \u00abSambawa\u00bb, en el puerto de Acapulco, efectivos de la Polic\u00eda Investigadora Ministerial, capturaron al presunto criminal.<\/p>\n\n\n\n<p>La madrugada del pasado cuatro de agosto, MILENIO inform\u00f3 que un hombre priv\u00f3 de la vida a tres personas, en el bar Sambawa, entre las v\u00edctimas hab\u00eda una mujer, y dos hombres en hechos ocurridos en este destino tur\u00edstico.<\/p>\n\n\n\n<p>La Fiscal\u00eda General del Estado y la PIM, inform\u00f3 que derivado de las investigaciones ministeriales, se cumpliment\u00f3 la orden de aprehensi\u00f3n en contra de Francisco Javier \u00abN\u00bb, como probable responsable de homicidio calificado en agravio de dos masculinos y una f\u00e9mina en bar \u201cSambawa\u201d, ubicado en la carretera Cayaco-Puerto Marqu\u00e9s.<\/p>\n\n\n\n<p>Estos hechos se registraron el d\u00eda 4 de agosto del presente a\u00f1o, cuando las tres v\u00edctimas quedaron privadas de la vida en el lugar se\u00f1alado, quedando abierta la carpeta de investigaci\u00f3n 12030340100378040821.<\/p>\n\n\n\n<p>Al arribar agentes ministeriales a la zona, encontraron tres personas, dos hombres de aproximadamente 35 y 50 a\u00f1os y una f\u00e9mina de alrededor de 25 a\u00f1os, quienes presentaban varias heridas por disparos de arma de fuego.<\/p>\n\n\n\n<p>El detenido relacionado con estos hechos queda a disposici\u00f3n del Juez de Control quien definir\u00e1 la situaci\u00f3n jur\u00eddica.<\/p>\n","protected":false},"excerpt":{"rendered":"<p>&#8211; Hechos ocurridos en Acapulco&#8211; Entre las v\u00edctimas una f\u00e9mina Javier Trujillo Acapulco, Gro.- Cinco d\u00edas despu\u00e9s del triple homicidio cometido al interior del bar \u00abSambawa\u00bb, en el puerto de&hellip; <\/p>\n","protected":false},"author":1,"featured_media":35953,"comment_status":"open","ping_status":"open","sticky":false,"template":"","format":"standard","meta":{"fifu_image_url":"","fifu_image_alt":"","footnotes":""},"categories":[27],"tags":[],"class_list":["post-36117","post","type-post","status-publish","format-standard","has-post-thumbnail","hentry","category-seguridad-publica"],"_links":{"self":[{"href":"https:\/\/www.interaccionnoticias.com.mx\/index.php?rest_route=\/wp\/v2\/posts\/36117","targetHints":{"allow":["GET"]}}],"collection":[{"href":"https:\/\/www.interaccionnoticias.com.mx\/index.php?rest_route=\/wp\/v2\/posts"}],"about":[{"href":"https:\/\/www.interaccionnoticias.com.mx\/index.php?rest_route=\/wp\/v2\/types\/post"}],"author":[{"embeddable":true,"href":"https:\/\/www.interaccionnoticias.com.mx\/index.php?rest_route=\/wp\/v2\/users\/1"}],"replies":[{"embeddable":true,"href":"https:\/\/www.interaccionnoticias.com.mx\/index.php?rest_route=%2Fwp%2Fv2%2Fcomments&post=36117"}],"version-history":[{"count":0,"href":"https:\/\/www.interaccionnoticias.com.mx\/index.php?rest_route=\/wp\/v2\/posts\/36117\/revisions"}],"wp:featuredmedia":[{"embeddable":true,"href":"https:\/\/www.interaccionnoticias.com.mx\/index.php?rest_route=\/wp\/v2\/media\/35953"}],"wp:attachment":[{"href":"https:\/\/www.interaccionnoticias.com.mx\/index.php?rest_route=%2Fwp%2Fv2%2Fmedia&parent=36117"}],"wp:term":[{"taxonomy":"category","embeddable":true,"href":"https:\/\/www.interaccionnoticias.com.mx\/index.php?rest_route=%2Fwp%2Fv2%2Fcategories&post=36117"},{"taxonomy":"post_tag","embeddable":true,"href":"https:\/\/www.interaccionnoticias.com.mx\/index.php?rest_route=%2Fwp%2Fv2%2Ftags&post=36117"}],"curies":[{"name":"wp","href":"https:\/\/api.w.org\/{rel}","templated":true}]}}