{"id":3611,"date":"2017-04-19T18:38:10","date_gmt":"2017-04-19T23:38:10","guid":{"rendered":"http:\/\/www.inter-accion.com.mx\/?p=3611"},"modified":"2017-04-19T18:38:10","modified_gmt":"2017-04-19T23:38:10","slug":"peritaje-indica-como-culpable-al-chofer-del-autobus-que-dejo-28-victimas","status":"publish","type":"post","link":"https:\/\/www.interaccionnoticias.com.mx\/?p=3611","title":{"rendered":"Peritaje indica como culpable al chofer del autob\u00fas que dej\u00f3 28 v\u00edctimas"},"content":{"rendered":"<p>En el accidente vehicular entre una pipa con combustible y un cami\u00f3n con turistas, ocurrido en los l\u00edmites de Michoac\u00e1n y Guerrero, y dej\u00f3 un saldo de 28 muertos, el dictamen revelo que el chofer del autob\u00fas fue responsable de la tragedia.<br \/>\nRoberto \u00c1lvarez Heredia, portavoz del Grupo de Coordinaci\u00f3n Guerrero, inform\u00f3 que los dict\u00e1menes de la Polic\u00eda Federal y la Fiscal\u00eda General del Estado de Guerrero en relaci\u00f3n al accidente del pasado 13 de abril, son coincidentes: la responsabilidad recay\u00f3 en el conductor del autob\u00fas de pasajeros.<br \/>\nDe acuerdo con los dict\u00e1menes t\u00e9cnicos realizados por la Polic\u00eda Federal y la Fiscal\u00eda de Guerrero coincidieron en que la responsabilidad del accidente fue del chofer al invadir el carril contrario lo que origin\u00f3 que se escuadrara el semi remolque y se volteo sobre su parte lateral derecha provocando derramamiento de combustible, e incendiando ambos veh\u00edculos.<br \/>\nEl impacto de los dos veh\u00edculos se dio entre los \u00e1ngulos delanteros izquierdos con el cami\u00f3n cisterna de doble remolque provocando la muerte de 28 personas, incluyendo la de los conductores de ambos veh\u00edculos.<br \/>\nEn los dict\u00e1menes t\u00e9cnicos tambi\u00e9n intervino la Secretar\u00eda del Medio Ambiente y Recursos Naturales y la Secretar\u00eda de Comunicaciones y Transportes que en el \u00e1mbito de sus competencias expondr\u00e1n sus respectivos dict\u00e1menes con relaci\u00f3n al transporte de combustibles y a la operaci\u00f3n de ambos veh\u00edculos del servicio p\u00fablico federal.<br \/>\nAlvarez Heredia, dijo que desde el primer momento, los gobernadores de Guerrero y de Michoac\u00e1n, H\u00e9ctor Astudillo Flores y Silvano Aureoles Conejo, establecieron comunicaci\u00f3n y coordinaci\u00f3n para atender las diligencias ministeriales y atenci\u00f3n a las v\u00edctimas.<\/p>\n","protected":false},"excerpt":{"rendered":"<p>En el accidente vehicular entre una pipa con combustible y un cami\u00f3n con turistas, ocurrido en los l\u00edmites de Michoac\u00e1n y Guerrero, y dej\u00f3 un saldo de 28 muertos, el&hellip; <\/p>\n","protected":false},"author":1,"featured_media":0,"comment_status":"open","ping_status":"open","sticky":false,"template":"","format":"standard","meta":{"fifu_image_url":"","fifu_image_alt":"","footnotes":""},"categories":[8,27],"tags":[],"class_list":["post-3611","post","type-post","status-publish","format-standard","hentry","category-featured","category-seguridad-publica"],"_links":{"self":[{"href":"https:\/\/www.interaccionnoticias.com.mx\/index.php?rest_route=\/wp\/v2\/posts\/3611","targetHints":{"allow":["GET"]}}],"collection":[{"href":"https:\/\/www.interaccionnoticias.com.mx\/index.php?rest_route=\/wp\/v2\/posts"}],"about":[{"href":"https:\/\/www.interaccionnoticias.com.mx\/index.php?rest_route=\/wp\/v2\/types\/post"}],"author":[{"embeddable":true,"href":"https:\/\/www.interaccionnoticias.com.mx\/index.php?rest_route=\/wp\/v2\/users\/1"}],"replies":[{"embeddable":true,"href":"https:\/\/www.interaccionnoticias.com.mx\/index.php?rest_route=%2Fwp%2Fv2%2Fcomments&post=3611"}],"version-history":[{"count":0,"href":"https:\/\/www.interaccionnoticias.com.mx\/index.php?rest_route=\/wp\/v2\/posts\/3611\/revisions"}],"wp:attachment":[{"href":"https:\/\/www.interaccionnoticias.com.mx\/index.php?rest_route=%2Fwp%2Fv2%2Fmedia&parent=3611"}],"wp:term":[{"taxonomy":"category","embeddable":true,"href":"https:\/\/www.interaccionnoticias.com.mx\/index.php?rest_route=%2Fwp%2Fv2%2Fcategories&post=3611"},{"taxonomy":"post_tag","embeddable":true,"href":"https:\/\/www.interaccionnoticias.com.mx\/index.php?rest_route=%2Fwp%2Fv2%2Ftags&post=3611"}],"curies":[{"name":"wp","href":"https:\/\/api.w.org\/{rel}","templated":true}]}}