{"id":36094,"date":"2021-08-10T15:34:00","date_gmt":"2021-08-10T20:34:00","guid":{"rendered":"http:\/\/www.inter-accion.com.mx\/?p=36094"},"modified":"2021-08-10T15:34:00","modified_gmt":"2021-08-10T20:34:00","slug":"36094","status":"publish","type":"post","link":"https:\/\/www.interaccionnoticias.com.mx\/?p=36094","title":{"rendered":"CETEG no regresar\u00e1 a clases presenciales"},"content":{"rendered":"\n<p><em><strong>&#8212; Se realizar\u00e1 encuesta con padres de familia sobre dicha decisi\u00f3n<\/strong><\/em><\/p>\n\n\n\n<p><strong>Jes\u00fas Dorantes<\/strong><\/p>\n\n\n\n<p><strong>Chilpancingo, Gro.-<\/strong> La Cordinadora Estatal de Trabajadores de la Educaci\u00f3n en Guerrero (CETEG) no iniciar\u00e1 clases presenciales hasta que existan la condiciones necesarias de salud y seguridad en las escuelas.<\/p>\n\n\n\n<p>En rueda de prensa, el profesor V\u00edctor Bartolo de la Cruz represente de la dirigencia estatal y nacional de la CETEG, inform\u00f3 que se acord\u00f3 no regresar a clases presenciales en el estado bajo ninguna modalidad hasta que el color del sem\u00e1foro epidemiol\u00f3gico se encuentre en verde, el 100 % del magisterio sea vacunado y exista un consenso entre los padres de familia.<\/p>\n\n\n\n<p>Hasta la fecha se encuentran vacunados 45 mil de los 70 mil profesores de todo el estado, por lo que se realiz\u00f3 un llamado al gobierno federal para que se logre llegar al 100% y se ponga en consideraci\u00f3n aplicar la vacuna a todos los menores de 18 a\u00f1os.<\/p>\n\n\n\n<p>En lo que respecta a la encuesta que se realizar\u00e1 a lod padres de familia sobre el regreso a clases presenciales, Bartolo de la Cruz dio a conocer que el m\u00e9todo de aplicaci\u00f3n de esta herramienta ser\u00e1 v\u00eda WhatsApp en los grupos que sus compa\u00f1eros crearon con padres y alumnos, pero en los casos d\u00f3nde no existe la red de comunicaci\u00f3n necesaria, acudir\u00e1n de forma presencial para recabar las opiniones de los padres.<\/p>\n\n\n\n<p>Al ser cuestionado sobre el anuncio del secretario de educaci\u00f3n Heriberto Huicochea V\u00e1zquez, sobre la limpieza en escuelas y activaci\u00f3n de sus edificios, negaron que esta se lleve a cabo ya que la mayor\u00eda de escuelas contin\u00faan en el abandono y var\u00edas fueron saqueadas durante la pandemia.<\/p>\n","protected":false},"excerpt":{"rendered":"<p>&#8212; Se realizar\u00e1 encuesta con padres de familia sobre dicha decisi\u00f3n Jes\u00fas Dorantes Chilpancingo, Gro.- La Cordinadora Estatal de Trabajadores de la Educaci\u00f3n en Guerrero (CETEG) no iniciar\u00e1 clases presenciales&hellip; <\/p>\n","protected":false},"author":1,"featured_media":35928,"comment_status":"open","ping_status":"open","sticky":false,"template":"","format":"standard","meta":{"fifu_image_url":"","fifu_image_alt":"","footnotes":""},"categories":[6],"tags":[],"class_list":["post-36094","post","type-post","status-publish","format-standard","has-post-thumbnail","hentry","category-educacion"],"_links":{"self":[{"href":"https:\/\/www.interaccionnoticias.com.mx\/index.php?rest_route=\/wp\/v2\/posts\/36094","targetHints":{"allow":["GET"]}}],"collection":[{"href":"https:\/\/www.interaccionnoticias.com.mx\/index.php?rest_route=\/wp\/v2\/posts"}],"about":[{"href":"https:\/\/www.interaccionnoticias.com.mx\/index.php?rest_route=\/wp\/v2\/types\/post"}],"author":[{"embeddable":true,"href":"https:\/\/www.interaccionnoticias.com.mx\/index.php?rest_route=\/wp\/v2\/users\/1"}],"replies":[{"embeddable":true,"href":"https:\/\/www.interaccionnoticias.com.mx\/index.php?rest_route=%2Fwp%2Fv2%2Fcomments&post=36094"}],"version-history":[{"count":0,"href":"https:\/\/www.interaccionnoticias.com.mx\/index.php?rest_route=\/wp\/v2\/posts\/36094\/revisions"}],"wp:featuredmedia":[{"embeddable":true,"href":"https:\/\/www.interaccionnoticias.com.mx\/index.php?rest_route=\/wp\/v2\/media\/35928"}],"wp:attachment":[{"href":"https:\/\/www.interaccionnoticias.com.mx\/index.php?rest_route=%2Fwp%2Fv2%2Fmedia&parent=36094"}],"wp:term":[{"taxonomy":"category","embeddable":true,"href":"https:\/\/www.interaccionnoticias.com.mx\/index.php?rest_route=%2Fwp%2Fv2%2Fcategories&post=36094"},{"taxonomy":"post_tag","embeddable":true,"href":"https:\/\/www.interaccionnoticias.com.mx\/index.php?rest_route=%2Fwp%2Fv2%2Ftags&post=36094"}],"curies":[{"name":"wp","href":"https:\/\/api.w.org\/{rel}","templated":true}]}}