{"id":36074,"date":"2021-08-09T19:35:00","date_gmt":"2021-08-10T00:35:00","guid":{"rendered":"http:\/\/www.inter-accion.com.mx\/?p=36074"},"modified":"2021-08-09T19:35:00","modified_gmt":"2021-08-10T00:35:00","slug":"36074","status":"publish","type":"post","link":"https:\/\/www.interaccionnoticias.com.mx\/?p=36074","title":{"rendered":"Hay indicios de la privaci\u00f3n de la libertad del hermano del principal l\u00edder del Cecop"},"content":{"rendered":"\n<p><strong><em>&#8211; El senador F\u00e9lix Salgado Macedonio se pronuncia porque se le localice cuanto antes<\/em><\/strong><\/p>\n\n\n\n<p><strong>Rogelio Agust\u00edn<\/strong><\/p>\n\n\n\n<p>Las autoridades de Guerrero cuentan con un video en el que se observa como tres individuos armados se llevan por la fuerza al activista Vicente Suastegui Mu\u00f1oz, hermano del principal vocero del Consejo de Ejidos y Comunidades Opositoras a la Parota (Cecop).<\/p>\n\n\n\n<p>El fin de semana, el vocero del Cecop, Marco Antonio Suastegui denunci\u00f3 que la jornada del 5 de agosto, un grupo de hombres armados se llev\u00f3 por la fuerza a su hermano Vicente, cuando trabajaba como taxista en las inmediaciones de Ciudad Renacimiento, en el puerto de Acapulco.<\/p>\n\n\n\n<p>Este lunes por la ma\u00f1ana, se supo que las autoridades ya cuentan con material de video sobre el momento en que Suastegui Mu\u00f1oz es privado de la libertad, solamente se especifica que se trata de un grupo integrado por tres hombres.<\/p>\n\n\n\n<p>Mientras tanto, el Centro de Derechos Humanos de la Monta\u00f1a (CDHM), Tlachinolla difundi\u00f3 un llamado a las autoridades para que realicen las acciones encaminadas a permitir la localizaci\u00f3n con vida del activista.<\/p>\n\n\n\n<p>En Chilpancingo, el senador F\u00e9lix Salgado Macedonio tambi\u00e9n se pronunci\u00f3 a favor de que se busque y d\u00e9 con el paradero de Vicente, pues se\u00f1al\u00f3, esas cosas no deben pasar en Guerrero.<\/p>\n\n\n\n<p>\u201cHay que buscarlo y hay que encontrarlo con vida, nosotros no queremos que haya esas cosas en Guerrero, no queremos que a nadie se le arrebate la vida\u201d, indic\u00f3.<\/p>\n\n\n\n<p>Hizo votos porque pronto se localice con vida al activista y manifest\u00f3 su solidaridad con el dirigente del Cecop, Marco Antonio Suastegui.<\/p>\n","protected":false},"excerpt":{"rendered":"<p>&#8211; El senador F\u00e9lix Salgado Macedonio se pronuncia porque se le localice cuanto antes Rogelio Agust\u00edn Las autoridades de Guerrero cuentan con un video en el que se observa como&hellip; <\/p>\n","protected":false},"author":1,"featured_media":35912,"comment_status":"open","ping_status":"open","sticky":false,"template":"","format":"standard","meta":{"fifu_image_url":"","fifu_image_alt":"","footnotes":""},"categories":[29],"tags":[],"class_list":["post-36074","post","type-post","status-publish","format-standard","has-post-thumbnail","hentry","category-sociedad"],"_links":{"self":[{"href":"https:\/\/www.interaccionnoticias.com.mx\/index.php?rest_route=\/wp\/v2\/posts\/36074","targetHints":{"allow":["GET"]}}],"collection":[{"href":"https:\/\/www.interaccionnoticias.com.mx\/index.php?rest_route=\/wp\/v2\/posts"}],"about":[{"href":"https:\/\/www.interaccionnoticias.com.mx\/index.php?rest_route=\/wp\/v2\/types\/post"}],"author":[{"embeddable":true,"href":"https:\/\/www.interaccionnoticias.com.mx\/index.php?rest_route=\/wp\/v2\/users\/1"}],"replies":[{"embeddable":true,"href":"https:\/\/www.interaccionnoticias.com.mx\/index.php?rest_route=%2Fwp%2Fv2%2Fcomments&post=36074"}],"version-history":[{"count":0,"href":"https:\/\/www.interaccionnoticias.com.mx\/index.php?rest_route=\/wp\/v2\/posts\/36074\/revisions"}],"wp:featuredmedia":[{"embeddable":true,"href":"https:\/\/www.interaccionnoticias.com.mx\/index.php?rest_route=\/wp\/v2\/media\/35912"}],"wp:attachment":[{"href":"https:\/\/www.interaccionnoticias.com.mx\/index.php?rest_route=%2Fwp%2Fv2%2Fmedia&parent=36074"}],"wp:term":[{"taxonomy":"category","embeddable":true,"href":"https:\/\/www.interaccionnoticias.com.mx\/index.php?rest_route=%2Fwp%2Fv2%2Fcategories&post=36074"},{"taxonomy":"post_tag","embeddable":true,"href":"https:\/\/www.interaccionnoticias.com.mx\/index.php?rest_route=%2Fwp%2Fv2%2Ftags&post=36074"}],"curies":[{"name":"wp","href":"https:\/\/api.w.org\/{rel}","templated":true}]}}