{"id":36049,"date":"2021-08-09T14:05:00","date_gmt":"2021-08-09T19:05:00","guid":{"rendered":"http:\/\/www.inter-accion.com.mx\/?p=36049"},"modified":"2021-08-09T14:05:00","modified_gmt":"2021-08-09T19:05:00","slug":"36049","status":"publish","type":"post","link":"https:\/\/www.interaccionnoticias.com.mx\/?p=36049","title":{"rendered":"SEGOB: Astudillo pasar\u00e1 a la historia como un gobernador honesto"},"content":{"rendered":"\n<p><em><strong>&#8211; Olga S\u00e1nchez Cordero reconoce la disposici\u00f3n del gobernador de Guerrero a colaborar con la federaci\u00f3n<\/strong><\/em><\/p>\n\n\n\n<p><strong>Rogelio Agust\u00edn<\/strong><\/p>\n\n\n\n<p>\u201cH\u00e9ctor Astudillo Flores pasar\u00e1 a la historia como un gobernante honesto\u201d, asegur\u00f3 la titular de la Secretar\u00eda de Gobernaci\u00f3n federal, Olga S\u00e1nchez Cordero, al acudir a la develaci\u00f3n de la estatua del general Vicente Guerrero Salda\u00f1a, consumador de la Independencia de M\u00e9xico.<\/p>\n\n\n\n<p>En la plaza Primer Congreso de An\u00e1huac, S\u00e1nchez Cordero acudi\u00f3 en representaci\u00f3n del presidente de la Rep\u00fablica, Andr\u00e9s Manuel L\u00f3pez Obrador, en un evento que tuvo como anfitriones al gobernador Astudillo Flores y al alcalde de Chilpancingo, Antonio Gaspar Beltr\u00e1n.<\/p>\n\n\n\n<p>La develaci\u00f3n de la estatua se desarroll\u00f3 en el contexto del Bicentenario de la consumaci\u00f3n de la independencia, luego de que el general Guerrero Salda\u00f1a lograr establecer la alianza estrat\u00e9gica con su principal oponente, Agust\u00edn de Iturbide para integrar el Ej\u00e9rcito Trigarante, lo que se consum\u00f3 el abrazo de Acatempa.<\/p>\n\n\n\n<p>Antes, se present\u00f3 la estampilla del Servicio Postal Mexicano, alusiva al Bicentenario de la Consumaci\u00f3n de la Independencia, a cargo de Roc\u00edo Barcena Molina, directora general de Correos de M\u00e9xico.<\/p>\n\n\n\n<p>De manera inicial se escuch\u00f3 el mensaje del alcalde Antonio Gaspar Beltr\u00e1n, quien se\u00f1al\u00f3 que la Independencia no fue solo un proceso armado sin rumbo, fue consecuencia de una lucha dirigida por el pueblo con una direcci\u00f3n muy clara.<\/p>\n\n\n\n<p>El primer edil manifest\u00f3 su reconocimiento al liderazgo del gobernador del estado, adem\u00e1s se\u00f1al\u00f3 que su trabajo ha sido clave para dejar fuera de la lista de los 50 municipios m\u00e1s violentos del pa\u00eds, como estaba ubicado hace algunos a\u00f1os.<\/p>\n\n\n\n<p>Dijo que la instalaci\u00f3n de la Mesa Estatal para la Construcci\u00f3n de la Paz ha permitido alcanzar resultados concretos en la lucha por niveles m\u00e1s altos de seguridad, aunque destac\u00f3 que siempre bajo el liderazgo del Ejecutivo local.<\/p>\n\n\n\n<p><strong>Pobreza, el gran pendiente<\/strong><\/p>\n\n\n\n<p>En su momento, el gobernador H\u00e9ctor Astudillo Flores sostuvo que Guerrero ha logrado superar los momentos m\u00e1s dif\u00edciles de la historia en el proceso de consolidaci\u00f3n de la patria, \u201cpor m\u00e1s dif\u00edciles que sean nuestros problemas y nuestros desaf\u00edos\u201d.<\/p>\n\n\n\n<p>Indic\u00f3: \u201cLa \u00fanica circunstancia a la que no hemos podido vencer es la pobreza, que nos ha lacerado y nos ha marcado durante mucho tiempo\u201d.<\/p>\n\n\n\n<p>Explico que esta entidad es de muchos contrastes, pues si bien se tiene pobreza, tambi\u00e9n es cierto que se tienen riquezas y el reto estriba en encontrar un equilibrio entre el retraso y nuestros puntos de desarrollo.<\/p>\n\n\n\n<p><strong>Gobernante honesto, reconoce S\u00e1nchez Cordero<\/strong><\/p>\n\n\n\n<p>En su momento, la secretaria de Gobernaci\u00f3n, Olga S\u00e1nchez Cordero llam\u00f3 a ser continuadores del ejemplo que representan hombres de la dimensi\u00f3n de Vicente Guerrero, porque impulsaron en M\u00e9xico una naci\u00f3n nueva, salida de la opresi\u00f3n y del autoritarismo.<\/p>\n\n\n\n<p>Record\u00f3 que fue en Chilapa donde el presidente de la Rep\u00fablica, Andr\u00e9s Manuel L\u00f3pez Obrador sostuvo que habr\u00e1 un combate firme a los actos de injusticia, opresi\u00f3n y corrupci\u00f3n que por muchos a\u00f1os han proliferado en contra de los pueblos ind\u00edgenas y afrodescendientes.<\/p>\n\n\n\n<p>\u201cCon el ejemplo de Guerrero procuramos la igualdad del pueblo mexicano, generando el dialogo entre los \u00f3rganos y poderes p\u00fablicos de los poderes locales\u201d, asever\u00f3.<\/p>\n\n\n\n<p>Posteriormente, la representante del presidente de la Rep\u00fablica se refiri\u00f3 al desempe\u00f1o y la actitud que ha mostrado ante la federaci\u00f3n el gobernador de Guerrero.<\/p>\n\n\n\n<p>\u201cM\u00e1s all\u00e1 de reconocer desde el Gobierno de M\u00e9xico su gran relaci\u00f3n institucional, su compromiso y m\u00e1s all\u00e1 de la relaci\u00f3n institucional, siempre hemos tenido al amigo, una relaci\u00f3n amable y afable, hemos reconocido en usted su gran compromiso con el pueblo de Guerrero, usted se\u00f1or gobernador es un personaje que va a pasar a la historia de este estado como un hombre honesto, en todo lo que significa la palabra honesto y comprometido con el pueblo de Guerrero\u201d.<\/p>\n\n\n\n<p>Cerr\u00f3: \u201c Gracias por su relaci\u00f3n con el pueblo y gracias por ser como usted, un gran guerrerense\u201d.<\/p>\n\n\n\n<p>A la ceremonia acudi\u00f3 el delegado del Gobierno federal, Iv\u00e1n Hern\u00e1ndez D\u00edaz, la alcaldesa de Tixtla, Erika Alcaraz Sosa, la presidenta de la Mesa Directiva del Congreso local, Eunice Monz\u00f3n Garc\u00eda, mandos de la IX Regi\u00f3n y de la 35 Zona Militar, adem\u00e1s del presidente del Tribunal Superior de Justicia (TSJ), Alberto L\u00f3pez Celis.<\/p>\n","protected":false},"excerpt":{"rendered":"<p>&#8211; Olga S\u00e1nchez Cordero reconoce la disposici\u00f3n del gobernador de Guerrero a colaborar con la federaci\u00f3n Rogelio Agust\u00edn \u201cH\u00e9ctor Astudillo Flores pasar\u00e1 a la historia como un gobernante honesto\u201d, asegur\u00f3&hellip; <\/p>\n","protected":false},"author":1,"featured_media":35929,"comment_status":"open","ping_status":"open","sticky":false,"template":"","format":"standard","meta":{"fifu_image_url":"","fifu_image_alt":"","footnotes":""},"categories":[11],"tags":[115],"class_list":["post-36049","post","type-post","status-publish","format-standard","has-post-thumbnail","hentry","category-guerrero","tag-hector-astudillo-2"],"_links":{"self":[{"href":"https:\/\/www.interaccionnoticias.com.mx\/index.php?rest_route=\/wp\/v2\/posts\/36049","targetHints":{"allow":["GET"]}}],"collection":[{"href":"https:\/\/www.interaccionnoticias.com.mx\/index.php?rest_route=\/wp\/v2\/posts"}],"about":[{"href":"https:\/\/www.interaccionnoticias.com.mx\/index.php?rest_route=\/wp\/v2\/types\/post"}],"author":[{"embeddable":true,"href":"https:\/\/www.interaccionnoticias.com.mx\/index.php?rest_route=\/wp\/v2\/users\/1"}],"replies":[{"embeddable":true,"href":"https:\/\/www.interaccionnoticias.com.mx\/index.php?rest_route=%2Fwp%2Fv2%2Fcomments&post=36049"}],"version-history":[{"count":0,"href":"https:\/\/www.interaccionnoticias.com.mx\/index.php?rest_route=\/wp\/v2\/posts\/36049\/revisions"}],"wp:featuredmedia":[{"embeddable":true,"href":"https:\/\/www.interaccionnoticias.com.mx\/index.php?rest_route=\/wp\/v2\/media\/35929"}],"wp:attachment":[{"href":"https:\/\/www.interaccionnoticias.com.mx\/index.php?rest_route=%2Fwp%2Fv2%2Fmedia&parent=36049"}],"wp:term":[{"taxonomy":"category","embeddable":true,"href":"https:\/\/www.interaccionnoticias.com.mx\/index.php?rest_route=%2Fwp%2Fv2%2Fcategories&post=36049"},{"taxonomy":"post_tag","embeddable":true,"href":"https:\/\/www.interaccionnoticias.com.mx\/index.php?rest_route=%2Fwp%2Fv2%2Ftags&post=36049"}],"curies":[{"name":"wp","href":"https:\/\/api.w.org\/{rel}","templated":true}]}}