{"id":36018,"date":"2021-08-06T18:57:00","date_gmt":"2021-08-06T23:57:00","guid":{"rendered":"http:\/\/www.inter-accion.com.mx\/?p=36018"},"modified":"2021-08-06T18:57:00","modified_gmt":"2021-08-06T23:57:00","slug":"36018","status":"publish","type":"post","link":"https:\/\/www.interaccionnoticias.com.mx\/?p=36018","title":{"rendered":"Foros de Consulta \u201cTransformando Guerrero\u201d no toman en cuenta al sector rural, advierte Romero Sotelo"},"content":{"rendered":"\n<p><em><strong>&#8211; El dirigente de la LCASC conf\u00eda en que la omisi\u00f3n se pueda corregir<\/strong><\/em><\/p>\n\n\n\n<p><strong>Rogelio Agust\u00edn<\/strong><\/p>\n\n\n\n<p>El secretario general de la Liga de Comunidades Agrarias y Sindicatos Campesinos (LCASC), Evencio Romero Sotelo advirti\u00f3 que la convocatoria para los Foros de Consulta y Participaci\u00f3n Ciudadana no consideran al sector agrario, lo que constituye una seria omisi\u00f3n.<\/p>\n\n\n\n<p>La jornada del 4 de agosto, la gobernadora electa, Evelyn Salgado Pineda inform\u00f3 a trav\u00e9s de sus redes sociales, que del 15 al 29 de agosto se van a desarrollar los Foros de Participaci\u00f3n Ciudadana \u201cTransformando Guerrero\u201d, mismos que se van a desarrollar en las siete regiones del estado, con la intenci\u00f3n de integrar lo que ser\u00e1 la plataforma de gobierno.<\/p>\n\n\n\n<p>Romero Sotelo, coment\u00f3 que la jornada del jueves, integrantes del equipo que coordinar\u00e1 dichos foros se comunicaron con \u00e9l para invitarlo a participar, para ello le hicieron llegar una relaci\u00f3n de temas en los que puede presentar una ponencia.<\/p>\n\n\n\n<p>Dijo que al revisar los temas, no encontr\u00f3 lo relacionado con el desarrollo que se requiere en el campo, situaci\u00f3n que de entrada le gener\u00f3 preocupaci\u00f3n, por ser Guerrero un estado mayoritariamente rural.<\/p>\n\n\n\n<p>Sin embargo, manifest\u00f3 que como integrante de una Asociaci\u00f3n Civil que trabaja con campesinos en las regiones Centro, Monta\u00f1a, Norte y Costa Grande, ya trabaja en la presentaci\u00f3n de una ponencia, en la que destacar\u00e1 la importancia de tomar en cuenta a dicho sector en la integraci\u00f3n de la plataforma del pr\u00f3ximo gobierno estatal.<\/p>\n\n\n\n<p>Adelant\u00f3 que el conglomerado de organizaciones denominado Fuerza por Guerrero, tambi\u00e9n alista un planteamiento que de entrada, se dar\u00e1 a conocer el pr\u00f3ximo domingo 8 de agosto, cuando se cumplan 142 a\u00f1os del natalicio del general Emiliano Zapata Salazar, uno de los principales l\u00edderes de la Revoluci\u00f3n Mexicana.<\/p>\n\n\n\n<p>Sostuvo que elaborar un proyecto de gobierno sin tomar en cuenta al sector rural es preocupante, sin embargo, sostuvo que se est\u00e1 a tiempo de incorporar el tema y superar la omisi\u00f3n.<\/p>\n","protected":false},"excerpt":{"rendered":"<p>&#8211; El dirigente de la LCASC conf\u00eda en que la omisi\u00f3n se pueda corregir Rogelio Agust\u00edn El secretario general de la Liga de Comunidades Agrarias y Sindicatos Campesinos (LCASC), Evencio&hellip; <\/p>\n","protected":false},"author":1,"featured_media":35923,"comment_status":"open","ping_status":"open","sticky":false,"template":"","format":"standard","meta":{"fifu_image_url":"","fifu_image_alt":"","footnotes":""},"categories":[11],"tags":[90],"class_list":["post-36018","post","type-post","status-publish","format-standard","has-post-thumbnail","hentry","category-guerrero","tag-evencio-romero-sotelo"],"_links":{"self":[{"href":"https:\/\/www.interaccionnoticias.com.mx\/index.php?rest_route=\/wp\/v2\/posts\/36018","targetHints":{"allow":["GET"]}}],"collection":[{"href":"https:\/\/www.interaccionnoticias.com.mx\/index.php?rest_route=\/wp\/v2\/posts"}],"about":[{"href":"https:\/\/www.interaccionnoticias.com.mx\/index.php?rest_route=\/wp\/v2\/types\/post"}],"author":[{"embeddable":true,"href":"https:\/\/www.interaccionnoticias.com.mx\/index.php?rest_route=\/wp\/v2\/users\/1"}],"replies":[{"embeddable":true,"href":"https:\/\/www.interaccionnoticias.com.mx\/index.php?rest_route=%2Fwp%2Fv2%2Fcomments&post=36018"}],"version-history":[{"count":0,"href":"https:\/\/www.interaccionnoticias.com.mx\/index.php?rest_route=\/wp\/v2\/posts\/36018\/revisions"}],"wp:featuredmedia":[{"embeddable":true,"href":"https:\/\/www.interaccionnoticias.com.mx\/index.php?rest_route=\/wp\/v2\/media\/35923"}],"wp:attachment":[{"href":"https:\/\/www.interaccionnoticias.com.mx\/index.php?rest_route=%2Fwp%2Fv2%2Fmedia&parent=36018"}],"wp:term":[{"taxonomy":"category","embeddable":true,"href":"https:\/\/www.interaccionnoticias.com.mx\/index.php?rest_route=%2Fwp%2Fv2%2Fcategories&post=36018"},{"taxonomy":"post_tag","embeddable":true,"href":"https:\/\/www.interaccionnoticias.com.mx\/index.php?rest_route=%2Fwp%2Fv2%2Ftags&post=36018"}],"curies":[{"name":"wp","href":"https:\/\/api.w.org\/{rel}","templated":true}]}}