{"id":36010,"date":"2021-08-06T18:16:00","date_gmt":"2021-08-06T23:16:00","guid":{"rendered":"http:\/\/www.inter-accion.com.mx\/?p=36010"},"modified":"2021-08-06T18:16:00","modified_gmt":"2021-08-06T23:16:00","slug":"36010","status":"publish","type":"post","link":"https:\/\/www.interaccionnoticias.com.mx\/?p=36010","title":{"rendered":"El gobierno federal pretende desmantelar a las normales rurales: Vidulfo Rosales"},"content":{"rendered":"\n<p><strong>Rosario Garc\u00eda Orozco<\/strong><\/p>\n\n\n\n<p><strong><em>Chilpancingo, Gro., 6 de agosto del 2021.- <\/em><\/strong>Preocupante que el presidente Andr\u00e9s Manuel L\u00f3pez Obrador pretenda desaparecer las normales rurales, consider\u00f3 el abogado de los padres de los 43 normalistas de Ayotzinapa, Vidulfo Rosales Sierra.<\/p>\n\n\n\n<p>\u201cEst\u00e1 claro que el objetivo del gobierno federal es desaparecer los internado, que son el eje principal que permite la organizaci\u00f3n pol\u00edtica estudiantil, y la concientizaci\u00f3n de los alumnos\u201d, asegur\u00f3 el abogado.<\/p>\n\n\n\n<p>Lament\u00f3 que la intensi\u00f3n del gobierno de L\u00f3pez Obrador sea el \u201cdesmantelamiento del normalismo rural en todo el pa\u00eds\u201d; lo que resulta cuestionable porque ese tipo sistema educativo \u201cpermite a los normalistas tener una organizaci\u00f3n pol\u00edtica-estudiantil, que les da la oportunidad de tener una visi\u00f3n cr\u00edtica de la realidad que impera en nuestro pa\u00eds\u201d.<\/p>\n\n\n\n<p>Cuestion\u00f3 que sea tan sensible el mandatario federal, porque \u201ctodo parece indicar que le incomoda esa visi\u00f3n cr\u00edtica, esa posici\u00f3n pol\u00edtica que tienen los estudiantes de las normales rurales, ante la realidad y ante cualquier gobierno, dada su formaci\u00f3n pol\u00edtica cr\u00edtica\u201d.<\/p>\n\n\n\n<p>Consider\u00f3 que ser\u00eda un duro golpe para la econom\u00eda de los normalistas, que provienen de lugares con muchas carencias y que en ocasiones es la \u00fanica opci\u00f3n que tienen para poder estudiar alguna profesi\u00f3n, \u201cporque lo que AMLO pretende es dejar que sigan operando las normales rurales, pero como cualquier otra, y no como internado, los quiere dejar sin comer\u201d, se quej\u00f3.<\/p>\n\n\n\n<p>Otra de las situaciones que critic\u00f3 Vidulfo Rosales fue que el presidente de M\u00e9xico no solo pretende desaparecer las normales rurales, sino tambi\u00e9n desacreditarlas ante la sociedad, como sucedi\u00f3 con la de El Mexe, en Hidalgo.<\/p>\n\n\n\n<p>Consider\u00f3 que L\u00f3pez Obrador tiene que dar una explicaci\u00f3n amplia sobre eso que consider\u00f3 \u201cuna imposici\u00f3n desde la presidencia de la Rep\u00fablica\u201d, y que evite sus discursos para descalificar a las normales, \u201ccon argumentos del mal uso del dinero, porque en el fondo de lo que se trata es del desmantelamiento del normalismo rural, que ser\u00eda la continuidad de una pol\u00edtica de asfixia, a partir de los argumentos que esgrime el gobierno de que hay corrupci\u00f3n en las normales, y en el fondo es la misma pol\u00edtica de los anteriores gobiernos\u201d.<\/p>\n","protected":false},"excerpt":{"rendered":"<p>Rosario Garc\u00eda Orozco Chilpancingo, Gro., 6 de agosto del 2021.- Preocupante que el presidente Andr\u00e9s Manuel L\u00f3pez Obrador pretenda desaparecer las normales rurales, consider\u00f3 el abogado de los padres de&hellip; <\/p>\n","protected":false},"author":1,"featured_media":35917,"comment_status":"open","ping_status":"open","sticky":false,"template":"","format":"standard","meta":{"fifu_image_url":"","fifu_image_alt":"","footnotes":""},"categories":[15],"tags":[191],"class_list":["post-36010","post","type-post","status-publish","format-standard","has-post-thumbnail","hentry","category-movimientos-sociales","tag-vidulfo-rosales-sierra"],"_links":{"self":[{"href":"https:\/\/www.interaccionnoticias.com.mx\/index.php?rest_route=\/wp\/v2\/posts\/36010","targetHints":{"allow":["GET"]}}],"collection":[{"href":"https:\/\/www.interaccionnoticias.com.mx\/index.php?rest_route=\/wp\/v2\/posts"}],"about":[{"href":"https:\/\/www.interaccionnoticias.com.mx\/index.php?rest_route=\/wp\/v2\/types\/post"}],"author":[{"embeddable":true,"href":"https:\/\/www.interaccionnoticias.com.mx\/index.php?rest_route=\/wp\/v2\/users\/1"}],"replies":[{"embeddable":true,"href":"https:\/\/www.interaccionnoticias.com.mx\/index.php?rest_route=%2Fwp%2Fv2%2Fcomments&post=36010"}],"version-history":[{"count":0,"href":"https:\/\/www.interaccionnoticias.com.mx\/index.php?rest_route=\/wp\/v2\/posts\/36010\/revisions"}],"wp:featuredmedia":[{"embeddable":true,"href":"https:\/\/www.interaccionnoticias.com.mx\/index.php?rest_route=\/wp\/v2\/media\/35917"}],"wp:attachment":[{"href":"https:\/\/www.interaccionnoticias.com.mx\/index.php?rest_route=%2Fwp%2Fv2%2Fmedia&parent=36010"}],"wp:term":[{"taxonomy":"category","embeddable":true,"href":"https:\/\/www.interaccionnoticias.com.mx\/index.php?rest_route=%2Fwp%2Fv2%2Fcategories&post=36010"},{"taxonomy":"post_tag","embeddable":true,"href":"https:\/\/www.interaccionnoticias.com.mx\/index.php?rest_route=%2Fwp%2Fv2%2Ftags&post=36010"}],"curies":[{"name":"wp","href":"https:\/\/api.w.org\/{rel}","templated":true}]}}