{"id":35825,"date":"2021-08-04T14:18:12","date_gmt":"2021-08-04T19:18:12","guid":{"rendered":"http:\/\/www.inter-accion.com.mx\/?p=35825"},"modified":"2021-08-04T14:18:12","modified_gmt":"2021-08-04T19:18:12","slug":"35825","status":"publish","type":"post","link":"https:\/\/www.interaccionnoticias.com.mx\/?p=35825","title":{"rendered":"Vecinos de la colonia La Cima bloquearon la avenida L\u00e1zaro C\u00e1rdenas en demanda de agua"},"content":{"rendered":"\n<p><strong>Rosario Garc\u00eda Orozco<\/strong><\/p>\n\n\n\n<p><strong>Chilpancingo, Gro., 4 de agosto del 2021.- <\/strong>Vecinos de la colonia La Cima bloquearon la avenida L\u00e1zaro C\u00e1rdenas en demanda del suministro de agua, reclamaron que hace dos meses que no llega el vital l\u00edquido a sus viviendas.<\/p>\n\n\n\n<p>Explicaron que hay varios vecinos que pagan por a\u00f1o el servicio y es molesto que no reciban el agua durante tanto tiempo.<\/p>\n\n\n\n<p>Reclamaron que hay familias que se ven en la necesidad de gastar hasta mil pesos en pipas al mes, m\u00e1s lo que deben pagar a la Comisi\u00f3n de Agua Potable y Alcantarillado de Chilpancingo (Capach), \u201cporque no llega el agua, pero si los recibos\u201d.<\/p>\n\n\n\n<p>En representaci\u00f3n de los manifestantes, Santos Juan Salmer\u00f3n lament\u00f3 que a los administrativos de Capach ya no les interese solucionar los problemas, \u201cpor eso nos vimos en la necesidad de bloquear, es cierto que afectamos a la sociedad, pero estamos desesperados\u201d.<\/p>\n\n\n\n<p>A pregunta de los reporteros, Juan Salmer\u00f3n asegur\u00f3 que la mayor\u00eda de los habitantes de esa colonia pagan sus recibos con regularidad, \u201cy hay quienes la pagan por a\u00f1o, por eso es m\u00e1s grande la molestia, porque est\u00e1n pagando por un servicio que no reciben\u201d.<\/p>\n\n\n\n<p>A esa queja se sumaron habitantes de la calle Nicol\u00e1s Bravo del centro de la ciudad, quienes reclamaron que desde hace 98 d\u00edas no llega agua a sus viviendas, y a pesar de que de manera frecuente acuden a las instalaciones de Capach para reclamar la falta del suministro del vital l\u00edquido no han tenido respuesta favorable.<\/p>\n","protected":false},"excerpt":{"rendered":"<p>Rosario Garc\u00eda Orozco Chilpancingo, Gro., 4 de agosto del 2021.- Vecinos de la colonia La Cima bloquearon la avenida L\u00e1zaro C\u00e1rdenas en demanda del suministro de agua, reclamaron que hace&hellip; <\/p>\n","protected":false},"author":1,"featured_media":35820,"comment_status":"open","ping_status":"open","sticky":false,"template":"","format":"standard","meta":{"fifu_image_url":"","fifu_image_alt":"","footnotes":""},"categories":[13],"tags":[],"class_list":["post-35825","post","type-post","status-publish","format-standard","has-post-thumbnail","hentry","category-capital"],"_links":{"self":[{"href":"https:\/\/www.interaccionnoticias.com.mx\/index.php?rest_route=\/wp\/v2\/posts\/35825","targetHints":{"allow":["GET"]}}],"collection":[{"href":"https:\/\/www.interaccionnoticias.com.mx\/index.php?rest_route=\/wp\/v2\/posts"}],"about":[{"href":"https:\/\/www.interaccionnoticias.com.mx\/index.php?rest_route=\/wp\/v2\/types\/post"}],"author":[{"embeddable":true,"href":"https:\/\/www.interaccionnoticias.com.mx\/index.php?rest_route=\/wp\/v2\/users\/1"}],"replies":[{"embeddable":true,"href":"https:\/\/www.interaccionnoticias.com.mx\/index.php?rest_route=%2Fwp%2Fv2%2Fcomments&post=35825"}],"version-history":[{"count":0,"href":"https:\/\/www.interaccionnoticias.com.mx\/index.php?rest_route=\/wp\/v2\/posts\/35825\/revisions"}],"wp:featuredmedia":[{"embeddable":true,"href":"https:\/\/www.interaccionnoticias.com.mx\/index.php?rest_route=\/wp\/v2\/media\/35820"}],"wp:attachment":[{"href":"https:\/\/www.interaccionnoticias.com.mx\/index.php?rest_route=%2Fwp%2Fv2%2Fmedia&parent=35825"}],"wp:term":[{"taxonomy":"category","embeddable":true,"href":"https:\/\/www.interaccionnoticias.com.mx\/index.php?rest_route=%2Fwp%2Fv2%2Fcategories&post=35825"},{"taxonomy":"post_tag","embeddable":true,"href":"https:\/\/www.interaccionnoticias.com.mx\/index.php?rest_route=%2Fwp%2Fv2%2Ftags&post=35825"}],"curies":[{"name":"wp","href":"https:\/\/api.w.org\/{rel}","templated":true}]}}