{"id":35745,"date":"2021-06-30T18:28:12","date_gmt":"2021-06-30T23:28:12","guid":{"rendered":"http:\/\/www.inter-accion.com.mx\/?p=34493"},"modified":"2021-06-30T18:28:12","modified_gmt":"2021-06-30T23:28:12","slug":"34493","status":"publish","type":"post","link":"https:\/\/www.interaccionnoticias.com.mx\/?p=35745","title":{"rendered":"Ayuntamiento reconoce repunte de la incidencia delictiva en el centro de Chilpancingo"},"content":{"rendered":"\n<p><strong><em>&#8211; Anuncia que se incrementar\u00e1 la vigilancia en el primer cuadro, sin descuidar el resto de la ciudad<\/em><\/strong><\/p>\n\n\n\n<p><strong>Rogelio Agust\u00edn<\/strong><\/p>\n\n\n\n<p>El alcalde Antonio Gaspar Beltr\u00e1n reconoci\u00f3 un repunte de la incidencia delictiva en el centro de la capital del estado, por eso anticip\u00f3 que sin descuidar al resto de las colonias, se incrementar\u00e1n los trabajos de vigilancia en el primer cuadro de la ciudad.<\/p>\n\n\n\n<p>Gaspar Beltr\u00e1n reconoci\u00f3 que hay un repunte de los indicadores delictivos en el centro de la capital, lo que ya fue planteado ante la mesa de Coordinaci\u00f3n para la Construcci\u00f3n de la Paz y la Seguridad.<\/p>\n\n\n\n<p>La intenci\u00f3n, es que se pongan en marcha estrategias para combatir el problema, para no dejar caer los trabajos que se construyeron en materia de prevenci\u00f3n del delito durante los tres a\u00f1os de la presente administraci\u00f3n, que est\u00e1 por concluir su periodo de ejercicio constitucional.<\/p>\n\n\n\n<p>El jefe de Cabildo record\u00f3 que al inicio de la presente administraci\u00f3n, Chilpancingo se ubicaba en el segundo lugar a nivel nacional en cuanto a sus \u00edndices delictivos, pero para estas fechas, las mediciones lo posicionan en el lugar n\u00famero 45.<\/p>\n\n\n\n<p>La disminuci\u00f3n en los indicadores, manifest\u00f3 que demuestra el trabajo que se realiza para inhibir los actos delictivos, adem\u00e1s de la confianza que la ciudadan\u00eda mostr\u00f3 en sus corporaciones polic\u00edacas.<\/p>\n\n\n\n<p>Sostuvo que ha sido muy efectiva la inversi\u00f3n en las c\u00e1maras de video vigilancia que se ubican en el C-2, las cuales est\u00e1n colocadas en 12 puntos estrat\u00e9gicos de la ciudad, adem\u00e1s de las c\u00e1maras del C-4 del Gobierno del Estado.<\/p>\n\n\n\n<p>Esa suma de esfuerzos, manifest\u00f3 que hacen posible que Chilpancingo sea una de las ciudades m\u00e1s vigiladas de la entidad.<\/p>\n\n\n\n<p>Anticip\u00f3 que pr\u00f3ximamente se llevar\u00e1 a cabo una reuni\u00f3n de trabajo que encabezar\u00e1 el secretario de Seguridad P\u00fablica Municipal, Ofelio Romualdo Aguilar Carmona, con el sector empresarial para efecto de reforzar las acciones necesarias, en la ruta de garantizar la permanencia de la estabilidad que se ha alcanzado en materia de prevenci\u00f3n del delito.<\/p>\n\n\n\n<p>Durante los \u00faltimos d\u00edas, propietarios de negocios han difundido videos captados por sus c\u00e1maras de vigilancia, en los que se observa a diferentes personas cometiendo atracos, muchos de ellos a plena luz del d\u00eda.<\/p>\n","protected":false},"excerpt":{"rendered":"<p>&#8211; Anuncia que se incrementar\u00e1 la vigilancia en el primer cuadro, sin descuidar el resto de la ciudad Rogelio Agust\u00edn El alcalde Antonio Gaspar Beltr\u00e1n reconoci\u00f3 un repunte de la&hellip; <\/p>\n","protected":false},"author":1,"featured_media":34492,"comment_status":"open","ping_status":"open","sticky":false,"template":"","format":"standard","meta":{"fifu_image_url":"","fifu_image_alt":"","footnotes":""},"categories":[13],"tags":[],"class_list":["post-35745","post","type-post","status-publish","format-standard","has-post-thumbnail","hentry","category-capital"],"_links":{"self":[{"href":"https:\/\/www.interaccionnoticias.com.mx\/index.php?rest_route=\/wp\/v2\/posts\/35745","targetHints":{"allow":["GET"]}}],"collection":[{"href":"https:\/\/www.interaccionnoticias.com.mx\/index.php?rest_route=\/wp\/v2\/posts"}],"about":[{"href":"https:\/\/www.interaccionnoticias.com.mx\/index.php?rest_route=\/wp\/v2\/types\/post"}],"author":[{"embeddable":true,"href":"https:\/\/www.interaccionnoticias.com.mx\/index.php?rest_route=\/wp\/v2\/users\/1"}],"replies":[{"embeddable":true,"href":"https:\/\/www.interaccionnoticias.com.mx\/index.php?rest_route=%2Fwp%2Fv2%2Fcomments&post=35745"}],"version-history":[{"count":0,"href":"https:\/\/www.interaccionnoticias.com.mx\/index.php?rest_route=\/wp\/v2\/posts\/35745\/revisions"}],"wp:featuredmedia":[{"embeddable":true,"href":"https:\/\/www.interaccionnoticias.com.mx\/index.php?rest_route=\/wp\/v2\/media\/34492"}],"wp:attachment":[{"href":"https:\/\/www.interaccionnoticias.com.mx\/index.php?rest_route=%2Fwp%2Fv2%2Fmedia&parent=35745"}],"wp:term":[{"taxonomy":"category","embeddable":true,"href":"https:\/\/www.interaccionnoticias.com.mx\/index.php?rest_route=%2Fwp%2Fv2%2Fcategories&post=35745"},{"taxonomy":"post_tag","embeddable":true,"href":"https:\/\/www.interaccionnoticias.com.mx\/index.php?rest_route=%2Fwp%2Fv2%2Ftags&post=35745"}],"curies":[{"name":"wp","href":"https:\/\/api.w.org\/{rel}","templated":true}]}}