{"id":3574,"date":"2017-04-17T20:44:27","date_gmt":"2017-04-18T01:44:27","guid":{"rendered":"http:\/\/www.inter-accion.com.mx\/?p=3574"},"modified":"2017-04-17T20:44:27","modified_gmt":"2017-04-18T01:44:27","slug":"sin-fecha-para-que-predio-de-imagen-urbana-puede-ser-liberado-de-unas-200-toneladas-de-basura","status":"publish","type":"post","link":"https:\/\/www.interaccionnoticias.com.mx\/?p=3574","title":{"rendered":"Sin fecha para que predio de Imagen Urbana puede ser liberado de unas 200 toneladas de basura."},"content":{"rendered":"<p class=\"m_6078336206890802626gmail-MsoNoSpacing\">El secretario de Imagen Urbana (SIU) de Chilpancingo, Carlos Ram\u00edrez Gonz\u00e1lez, reconoci\u00f3 que a\u00fan no hay una fecha para que la basura que se encuentra acumulada en un predio contiguo a sus oficinas, sea trasladada al basurero municipal de Zumpango.<\/p>\n<p class=\"m_6078336206890802626gmail-MsoNoSpacing\">Indic\u00f3 que el alcalde Marco Antonio Leyva Mena, lo ha instruido a sanear el lugar inmediatamente, sin embargo, por la falta de veh\u00edculos y otras actividades asignadas, solo se ha podido trasladar una m\u00ednima cantidad del total de los desechos a un Centro de Transferencia que se ubica entre Tierras Prietas y la colonia el Polvor\u00edn.<\/p>\n<p class=\"m_6078336206890802626gmail-MsoNoSpacing\">Aunque se\u00f1al\u00f3 que regularmente se encargan de dar mantenimiento y remodelaci\u00f3n a muros, puentes y se\u00f1ales de tr\u00e1nsito, tambi\u00e9n se ocupan de realizar recorridos de recolecci\u00f3n de basura, principalmente en la zona oriente de la ciudad.<\/p>\n<p class=\"m_6078336206890802626gmail-MsoNoSpacing\">Cuando el \u00e1rea de Servicios P\u00fablicos, inicio a depositar los desechos en ese predio de la SIU, el alcalde Marco Antonio Leyva Mena comunic\u00f3 que el sitio se mantendr\u00eda en funcionamiento no m\u00e1s de una semana y en tanto se encontraba un sitio de disposici\u00f3n final que pudiera albergar las m\u00e1s de 250 toneladas de basura que se generan diariamente la capital.<\/p>\n<p class=\"m_6078336206890802626gmail-MsoNoSpacing\">Pero el lugar, ubicado en la Avenida Llano Largo, a\u00fan presenta una cantidad importante de basura, pese a que ya se cumplieron m\u00e1s de tres meses desde que venci\u00f3 el plazo fijado por el presidente municipal, para el retiro de los desechos que ser\u00e1n llevados a Zumpango, donde el Ayuntamiento de ese municipio, permiti\u00f3 recibirlos para sanear su basurero municipal.&nbsp;<\/p>\n","protected":false},"excerpt":{"rendered":"<p>El secretario de Imagen Urbana (SIU) de Chilpancingo, Carlos Ram\u00edrez Gonz\u00e1lez, reconoci\u00f3 que a\u00fan no hay una fecha para que la basura que se encuentra acumulada en un predio contiguo&hellip; <\/p>\n","protected":false},"author":1,"featured_media":0,"comment_status":"open","ping_status":"open","sticky":false,"template":"","format":"standard","meta":{"fifu_image_url":"","fifu_image_alt":"","footnotes":""},"categories":[13,8],"tags":[],"class_list":["post-3574","post","type-post","status-publish","format-standard","hentry","category-capital","category-featured"],"_links":{"self":[{"href":"https:\/\/www.interaccionnoticias.com.mx\/index.php?rest_route=\/wp\/v2\/posts\/3574","targetHints":{"allow":["GET"]}}],"collection":[{"href":"https:\/\/www.interaccionnoticias.com.mx\/index.php?rest_route=\/wp\/v2\/posts"}],"about":[{"href":"https:\/\/www.interaccionnoticias.com.mx\/index.php?rest_route=\/wp\/v2\/types\/post"}],"author":[{"embeddable":true,"href":"https:\/\/www.interaccionnoticias.com.mx\/index.php?rest_route=\/wp\/v2\/users\/1"}],"replies":[{"embeddable":true,"href":"https:\/\/www.interaccionnoticias.com.mx\/index.php?rest_route=%2Fwp%2Fv2%2Fcomments&post=3574"}],"version-history":[{"count":0,"href":"https:\/\/www.interaccionnoticias.com.mx\/index.php?rest_route=\/wp\/v2\/posts\/3574\/revisions"}],"wp:attachment":[{"href":"https:\/\/www.interaccionnoticias.com.mx\/index.php?rest_route=%2Fwp%2Fv2%2Fmedia&parent=3574"}],"wp:term":[{"taxonomy":"category","embeddable":true,"href":"https:\/\/www.interaccionnoticias.com.mx\/index.php?rest_route=%2Fwp%2Fv2%2Fcategories&post=3574"},{"taxonomy":"post_tag","embeddable":true,"href":"https:\/\/www.interaccionnoticias.com.mx\/index.php?rest_route=%2Fwp%2Fv2%2Ftags&post=3574"}],"curies":[{"name":"wp","href":"https:\/\/api.w.org\/{rel}","templated":true}]}}