{"id":3568,"date":"2017-04-17T20:34:56","date_gmt":"2017-04-18T01:34:56","guid":{"rendered":"http:\/\/www.inter-accion.com.mx\/?p=3568"},"modified":"2017-04-17T20:34:56","modified_gmt":"2017-04-18T01:34:56","slug":"supervisores-idoneos-protestan-en-chilpancingo-para-exigir-89-nombramientos","status":"publish","type":"post","link":"https:\/\/www.interaccionnoticias.com.mx\/?p=3568","title":{"rendered":"Supervisores id\u00f3neos protestan en Chilpancingo para exigir 89 nombramientos"},"content":{"rendered":"<p>&nbsp;<br \/>\n<span style=\"font-weight: 400;\">Un grupo de supervisores \u201cid\u00f3neos\u201d protestaron en Palacio de Gobierno para exigir la entrega de 89 nombramientos, los que debieron otorg\u00e1rseles como consecuencia de la Reforma Educativa.<\/span><br \/>\n<span style=\"font-weight: 400;\">Roberto Gamboa Cruz, del municipio de Zihuatanejo, tom\u00f3 parte del grupo de supervisores \u201cid\u00f3neos\u201d que forman parte de la generaci\u00f3n 2015-2016, la primera generaci\u00f3n que es producto del proceso de Reforma Educativa implementado por el Congreso de la Uni\u00f3n.<\/span><br \/>\n<span style=\"font-weight: 400;\">Gamboa Cruz, explic\u00f3 que con base al proceso de evaluaci\u00f3n al que se sometieron, los supervisores debieron recibir las claves correspondientes, lo que les permitir\u00eda mejorar de manera sustancial su nivel de vida.<\/span><br \/>\n<span style=\"font-weight: 400;\">Sin embargo, ante el incumplimiento, los supervisores han tenido que realizar sus trabajos de gesti\u00f3n con sus claves docentes, lo que ya genera una condici\u00f3n irregular.<\/span><br \/>\n<span style=\"font-weight: 400;\">Coment\u00f3 que exigen la asignaci\u00f3n de 98 nombramientos de supervisor en los niveles de preescolar, primaria y secundaria, los que deben dispersarse en las siete regiones del estado.<\/span><br \/>\n<span style=\"font-weight: 400;\">La ma\u00f1ana del lunes 17 de abril, los inconformes bloquearon los carriles del sentido norte-sur del encauzamiento del R\u00edo Huacapa, lugar en el que exigieron la instalaci\u00f3n de una mesa de trabajo.<\/span><br \/>\n<span style=\"font-weight: 400;\">El vocero del grupo, record\u00f3 que en 2015 hubo un acercamiento con la Secretar\u00eda de Educaci\u00f3n Guerrero (SEG), sin embargo no se logr\u00f3 aterrizar un acuerdo.<\/span><br \/>\n<span style=\"font-weight: 400;\">Las claves de supervisores debieron otorgarse antes del 31 de mayo de 2016, como eso no sucedi\u00f3, la dependencia otorg\u00f3 comisiones para evitar que perdieran la idoneidad.<\/span><br \/>\n&nbsp;<\/p>\n","protected":false},"excerpt":{"rendered":"<p>&nbsp; Un grupo de supervisores \u201cid\u00f3neos\u201d protestaron en Palacio de Gobierno para exigir la entrega de 89 nombramientos, los que debieron otorg\u00e1rseles como consecuencia de la Reforma Educativa. Roberto Gamboa&hellip; <\/p>\n","protected":false},"author":1,"featured_media":0,"comment_status":"open","ping_status":"open","sticky":false,"template":"","format":"standard","meta":{"fifu_image_url":"","fifu_image_alt":"","footnotes":""},"categories":[6,8],"tags":[],"class_list":["post-3568","post","type-post","status-publish","format-standard","hentry","category-educacion","category-featured"],"_links":{"self":[{"href":"https:\/\/www.interaccionnoticias.com.mx\/index.php?rest_route=\/wp\/v2\/posts\/3568","targetHints":{"allow":["GET"]}}],"collection":[{"href":"https:\/\/www.interaccionnoticias.com.mx\/index.php?rest_route=\/wp\/v2\/posts"}],"about":[{"href":"https:\/\/www.interaccionnoticias.com.mx\/index.php?rest_route=\/wp\/v2\/types\/post"}],"author":[{"embeddable":true,"href":"https:\/\/www.interaccionnoticias.com.mx\/index.php?rest_route=\/wp\/v2\/users\/1"}],"replies":[{"embeddable":true,"href":"https:\/\/www.interaccionnoticias.com.mx\/index.php?rest_route=%2Fwp%2Fv2%2Fcomments&post=3568"}],"version-history":[{"count":0,"href":"https:\/\/www.interaccionnoticias.com.mx\/index.php?rest_route=\/wp\/v2\/posts\/3568\/revisions"}],"wp:attachment":[{"href":"https:\/\/www.interaccionnoticias.com.mx\/index.php?rest_route=%2Fwp%2Fv2%2Fmedia&parent=3568"}],"wp:term":[{"taxonomy":"category","embeddable":true,"href":"https:\/\/www.interaccionnoticias.com.mx\/index.php?rest_route=%2Fwp%2Fv2%2Fcategories&post=3568"},{"taxonomy":"post_tag","embeddable":true,"href":"https:\/\/www.interaccionnoticias.com.mx\/index.php?rest_route=%2Fwp%2Fv2%2Ftags&post=3568"}],"curies":[{"name":"wp","href":"https:\/\/api.w.org\/{rel}","templated":true}]}}